{"id":1443,"date":"2020-09-28T13:44:42","date_gmt":"2020-09-28T13:44:42","guid":{"rendered":"https:\/\/tvc16.com\/portal\/?p=1443"},"modified":"2020-09-28T13:44:42","modified_gmt":"2020-09-28T13:44:42","slug":"andre-e-george-faturam-1a-etapa-do-circuito-nacional-de-volei-de-praia","status":"publish","type":"post","link":"https:\/\/tvc16.com\/portal\/2020\/09\/28\/andre-e-george-faturam-1a-etapa-do-circuito-nacional-de-volei-de-praia\/","title":{"rendered":"Andr\u00e9 e George faturam 1\u00aa etapa do Circuito Nacional de V\u00f4lei de Praia"},"content":{"rendered":"\n<p>Campe\u00f5es no ano passado largam com t\u00edtulo na temporada 2020\/21<\/p>\n\n\n\n<p>A dupla Andr\u00e9 e George faturou neste domingo (27) a primeira etapa do Circuito Nacional de V\u00f4lei de Praia, disputada em Saquarema, no Rio&nbsp;de Janeiro (RJ).&nbsp;&nbsp;Na final, os campe\u00f5es da temporada passada venceram por 2 sets a 0 (parciais de 21\/18 e&nbsp;&nbsp;21\/13)&nbsp; os parceiros Guto e Arthur.<img decoding=\"async\" src=\"https:\/\/agenciabrasil.ebc.com.br\/ebc.png?id=1389100&amp;o=node\"><img decoding=\"async\" src=\"https:\/\/agenciabrasil.ebc.com.br\/ebc.gif?id=1389100&amp;o=node\"><\/p>\n\n\n\n<p>\u201cEstamos muito felizes em voltar a competir, nos dedicamos muito nas \u00faltimas semanas. Trabalhamos muito, especialmente na parte f\u00edsica. Conforme fomos evoluindo conseguimos melhorar tamb\u00e9m tecnicamente o saque, o passe e o levantamento. Melhoramos individualmente para podermos melhorar como equipe. E chegar nessa final \u00e9 o fruto deste trabalho\u201d, afirmou&nbsp;Andr\u00e9 em&nbsp;<a href=\"https:\/\/cbv.com.br\/noticia\/27641\/andre-e-george-ficam-com-o-titulo-na-retomada-do-volei-de-praia-nacional\">entrevista<\/a>&nbsp;ao site da Confedera\u00e7\u00e3o Brasileira de Voleibol (CBV).<\/p>\n\n\n\n<p>O jogador Guto, eleito o melhor da partida,\u00a0agradeceu o carinho dos f\u00e3s e comemorou a boa estreia com o novo parceiro. &#8220;Obrigado ao pessoal que acompanhou e votou, fico feliz, as pessoas s\u00e3o muito apaixonadas pelo v\u00f4lei de praia. Quero agradecer ao meu parceiro, me ajudou demais. Fico feliz com esse carinho e essa estreia muito boa da nossa dupla. A energia est\u00e1 muito boa, desde o primeiro treino, e agora em nossa primeira competi\u00e7\u00e3o j\u00e1 iniciar com uma final \u00e9 maravilhoso&#8221;.<\/p>\n\n\n\n<p>Na briga pelo bronze, a dupla Adrielson e Renato superou a parceria&nbsp;Hevaldo e Saymon por 2 sets a 1 (19\/21, 21\/17 e 15\/13). Classificadas para representar o Brasil nos Jogos Ol\u00edmpicos de T\u00f3quio, as duplas \u00c1lvaro e Alison e Evandro e Bruno participaram do torneio, mas foram eliminadas nas quartas de final. \u00c1lvaro e Alison n\u00e3o passaram por Andr\u00e9 e George. Evandro e Bruno foram eliminados por Guto e Arthur Mariano.<br>A&nbsp;segunda&nbsp;etapa da temporada do Circuito Nacional de V\u00f4lei de Praia&nbsp;ser\u00e1 entre os dias 15 a 18 de outubro&nbsp;(disputa feminina) e&nbsp; de 22 a 25 de outubro (masculina), tamb\u00e9m na cidade de Saquarema (RJ).&nbsp;As outras tr\u00eas etapas da temporada 2020\/21 ainda&nbsp;ter\u00e3o locais a serem definidos, mas j\u00e1 possuem datas. A terceira fase ser\u00e1 de 5 a&nbsp;8 de novembro&nbsp;(feminino) e 12 a&nbsp;15 de novembro&nbsp;(masculino). O quarto torneio ser\u00e1 de 2 a&nbsp;6 de dezembro, e o quinto de 16 a&nbsp;20 de dezembro.<\/p>\n\n\n\n<p>Por Juliano Justo &#8211; Rep\u00f3rter da TV Brasil e R\u00e1dio Nacional &#8211; S\u00e3o Paulo<\/p>\n\n\n\n<p>Edi\u00e7\u00e3o: Cl\u00e1udia Soares Rodrigues<\/p>\n","protected":false},"excerpt":{"rendered":"<p>Campe\u00f5es no ano passado largam com t\u00edtulo na temporada 2020\/21 A dupla Andr\u00e9 e George<\/p>\n","protected":false},"author":2,"featured_media":1444,"comment_status":"open","ping_status":"open","sticky":false,"template":"","format":"standard","meta":{"footnotes":""},"categories":[20],"tags":[],"class_list":["post-1443","post","type-post","status-publish","format-standard","has-post-thumbnail","hentry","category-esporte"],"_links":{"self":[{"href":"https:\/\/tvc16.com\/portal\/wp-json\/wp\/v2\/posts\/1443","targetHints":{"allow":["GET"]}}],"collection":[{"href":"https:\/\/tvc16.com\/portal\/wp-json\/wp\/v2\/posts"}],"about":[{"href":"https:\/\/tvc16.com\/portal\/wp-json\/wp\/v2\/types\/post"}],"author":[{"embeddable":true,"href":"https:\/\/tvc16.com\/portal\/wp-json\/wp\/v2\/users\/2"}],"replies":[{"embeddable":true,"href":"https:\/\/tvc16.com\/portal\/wp-json\/wp\/v2\/comments?post=1443"}],"version-history":[{"count":1,"href":"https:\/\/tvc16.com\/portal\/wp-json\/wp\/v2\/posts\/1443\/revisions"}],"predecessor-version":[{"id":1445,"href":"https:\/\/tvc16.com\/portal\/wp-json\/wp\/v2\/posts\/1443\/revisions\/1445"}],"wp:featuredmedia":[{"embeddable":true,"href":"https:\/\/tvc16.com\/portal\/wp-json\/wp\/v2\/media\/1444"}],"wp:attachment":[{"href":"https:\/\/tvc16.com\/portal\/wp-json\/wp\/v2\/media?parent=1443"}],"wp:term":[{"taxonomy":"category","embeddable":true,"href":"https:\/\/tvc16.com\/portal\/wp-json\/wp\/v2\/categories?post=1443"},{"taxonomy":"post_tag","embeddable":true,"href":"https:\/\/tvc16.com\/portal\/wp-json\/wp\/v2\/tags?post=1443"}],"curies":[{"name":"wp","href":"https:\/\/api.w.org\/{rel}","templated":true}]}}