{"id":14431,"date":"2021-05-14T09:52:00","date_gmt":"2021-05-14T12:52:00","guid":{"rendered":"https:\/\/tvc16.com\/portal\/?p=14431"},"modified":"2021-05-14T09:52:02","modified_gmt":"2021-05-14T12:52:02","slug":"museus-casa-de-santos-dumont-e-casa-do-colono-reabrem-hoje-ao-publico","status":"publish","type":"post","link":"https:\/\/tvc16.com\/portal\/2021\/05\/14\/museus-casa-de-santos-dumont-e-casa-do-colono-reabrem-hoje-ao-publico\/","title":{"rendered":"Museus Casa de Santos Dumont e Casa do Colono reabrem hoje ao p\u00fablico"},"content":{"rendered":"\n<p>A Prefeitura reabre ao p\u00fablico hoje (14) os museus Casa de Santos Dumont e Casa do Colono. Os atrativos est\u00e3o fechados \u00e0 visita\u00e7\u00e3o desde o dia 23 de mar\u00e7o, em virtude do decreto municipal relacionado com protocolos sanit\u00e1rios \u00e0 Covid-19. Com o retorno, ser\u00e1 necess\u00e1ria a obedi\u00eancia das normas sanit\u00e1rias, como a circula\u00e7\u00e3o limitada de pessoas de forma simult\u00e2nea, o uso obrigat\u00f3rio de m\u00e1scaras e o distanciamento necess\u00e1rio de 1,5 metro entre os visitantes (no sentido de evitar qualquer tipo de aglomera\u00e7\u00e3o).<\/p>\n\n\n\n<p>A abertura dos museus e parques administrados pelo poder p\u00fablico privado j\u00e1 havia sido facultada por meio do decreto 074\/2021, publicado na segunda-feira (19\/4). Entretanto, o governo anunciou que os mesmos permaneceriam fechados por mais um per\u00edodo, buscando preservar a capacidade de atendimento do servi\u00e7o de sa\u00fade no munic\u00edpio. No \u00faltimo dia 1\u00ba de maio, a Prefeitura anunciou a reabertura do Parque Municipal Paulo Rattes, em Itaipava, do Parque Cremerie e do Parque Natural Municipal, na Rua Ipiranga.<\/p>\n\n\n\n<figure class=\"wp-block-image size-large\"><img loading=\"lazy\" decoding=\"async\" width=\"1024\" height=\"670\" src=\"https:\/\/tvc16.com\/portal\/wp-content\/uploads\/2021\/05\/WhatsApp-Image-2021-05-13-at-18.37.16-1-1024x670.jpeg\" alt=\"\" class=\"wp-image-14432\" srcset=\"https:\/\/tvc16.com\/portal\/wp-content\/uploads\/2021\/05\/WhatsApp-Image-2021-05-13-at-18.37.16-1-1024x670.jpeg 1024w, https:\/\/tvc16.com\/portal\/wp-content\/uploads\/2021\/05\/WhatsApp-Image-2021-05-13-at-18.37.16-1-300x196.jpeg 300w, https:\/\/tvc16.com\/portal\/wp-content\/uploads\/2021\/05\/WhatsApp-Image-2021-05-13-at-18.37.16-1-768x502.jpeg 768w, https:\/\/tvc16.com\/portal\/wp-content\/uploads\/2021\/05\/WhatsApp-Image-2021-05-13-at-18.37.16-1-370x241.jpeg 370w, https:\/\/tvc16.com\/portal\/wp-content\/uploads\/2021\/05\/WhatsApp-Image-2021-05-13-at-18.37.16-1.jpeg 1280w\" sizes=\"auto, (max-width: 1024px) 100vw, 1024px\" \/><\/figure>\n\n\n\n<p>O Museu Casa de Santos Dumont foi resid\u00eancia de ver\u00e3o de Alberto Santos Dumont, Pai da Avia\u00e7\u00e3o, sendo conhecida como \u201cA Encantada\u201d. O museu conta com acervo de objetos, livros, cartas e mobili\u00e1rio que pertenceram ao inventor, bem como o chuveiro e a escada de entrada, com degraus que s\u00f3 se pode acessar come\u00e7ando com o p\u00e9 direito. O Museu fica na Rua do Encanto, 22, no Centro. O atrativo funciona de ter\u00e7a at\u00e9 domingo, de 9h \u00e0s 17h30 (bilheteria at\u00e9 \u00e0s 17h). A visita \u00e9 guiada.<\/p>\n\n\n\n<p>O Museu Casa do Colono fica na Rua Crist\u00f3v\u00e3o Colombo, 1.034, na Castel\u00e2nea. Foi constru\u00eddo pelo foreiro de origem germ\u00e2nica e ex-militar do Ex\u00e9rcito Imperial Brasileiro, Johan Gottlieb Kaiser, em 1847. Possui as caracter\u00edsticas de habita\u00e7\u00e3o da antiga Simern (cidade da Alemanha que inspirou a denomina\u00e7\u00e3o do bairro Sim\u00e9ria, em Petr\u00f3polis) e de aldeias \u00e0s margens do Rio Mosel, na Alemanha.<\/p>\n\n\n\n<p>Casa com paredes de pau-a-pique e teto de zinco, retrata o modo simples de vida dos primeiros colonos. O acervo possui utens\u00edlios de uso dom\u00e9stico e de trabalho na lavoura, fotografias, quadros e objetos de uso pessoal. O atrativo fica aberto de ter\u00e7a a domingo, das 8h30 \u00e0s 14h (hor\u00e1rio reduzido em fun\u00e7\u00e3o da pandemia). O telefone de contato \u00e9 o (24) 2247-3715 e o e-mail: casadocolonomuseu@gmail.com, com entrada franca.<\/p>\n","protected":false},"excerpt":{"rendered":"<p>A Prefeitura reabre ao p\u00fablico hoje (14) os museus Casa de Santos Dumont e Casa<\/p>\n","protected":false},"author":2,"featured_media":14433,"comment_status":"open","ping_status":"open","sticky":false,"template":"","format":"standard","meta":{"footnotes":""},"categories":[12],"tags":[],"class_list":["post-14431","post","type-post","status-publish","format-standard","has-post-thumbnail","hentry","category-cidade"],"_links":{"self":[{"href":"https:\/\/tvc16.com\/portal\/wp-json\/wp\/v2\/posts\/14431","targetHints":{"allow":["GET"]}}],"collection":[{"href":"https:\/\/tvc16.com\/portal\/wp-json\/wp\/v2\/posts"}],"about":[{"href":"https:\/\/tvc16.com\/portal\/wp-json\/wp\/v2\/types\/post"}],"author":[{"embeddable":true,"href":"https:\/\/tvc16.com\/portal\/wp-json\/wp\/v2\/users\/2"}],"replies":[{"embeddable":true,"href":"https:\/\/tvc16.com\/portal\/wp-json\/wp\/v2\/comments?post=14431"}],"version-history":[{"count":1,"href":"https:\/\/tvc16.com\/portal\/wp-json\/wp\/v2\/posts\/14431\/revisions"}],"predecessor-version":[{"id":14434,"href":"https:\/\/tvc16.com\/portal\/wp-json\/wp\/v2\/posts\/14431\/revisions\/14434"}],"wp:featuredmedia":[{"embeddable":true,"href":"https:\/\/tvc16.com\/portal\/wp-json\/wp\/v2\/media\/14433"}],"wp:attachment":[{"href":"https:\/\/tvc16.com\/portal\/wp-json\/wp\/v2\/media?parent=14431"}],"wp:term":[{"taxonomy":"category","embeddable":true,"href":"https:\/\/tvc16.com\/portal\/wp-json\/wp\/v2\/categories?post=14431"},{"taxonomy":"post_tag","embeddable":true,"href":"https:\/\/tvc16.com\/portal\/wp-json\/wp\/v2\/tags?post=14431"}],"curies":[{"name":"wp","href":"https:\/\/api.w.org\/{rel}","templated":true}]}}