{"id":14438,"date":"2021-05-14T11:43:15","date_gmt":"2021-05-14T14:43:15","guid":{"rendered":"https:\/\/tvc16.com\/portal\/?p=14438"},"modified":"2021-05-14T11:46:53","modified_gmt":"2021-05-14T14:46:53","slug":"loja-de-conserto-e-itens-de-celular-e-assaltada-no-centro","status":"publish","type":"post","link":"https:\/\/tvc16.com\/portal\/2021\/05\/14\/loja-de-conserto-e-itens-de-celular-e-assaltada-no-centro\/","title":{"rendered":"Loja de conserto e itens de celular \u00e9 assaltada no Centro"},"content":{"rendered":"\n<p>Na tarde desta quinta-feira (13), por volta das 14h, uma loja de conserto e venda de itens de celular, na Rua Paulino Afonso, no Centro, foi assaltada por dois homens. Um deles estava armado e ficou do lado de fora do estabelecimento, enquanto o outro anunciava o assalto e levava o faturamento do dia, cerca de R$ 170, um celular, um power bank e uma caixa de som. Logo ap\u00f3s o crime a Pol\u00edcia Militar foi acionada e conseguiu prender um dos bandidos na Mosela. Com ele foi apreendida uma r\u00e9plica de arma de fogo. O caso foi registrado na 105\u00aa Delegacia de Pol\u00edcia e est\u00e1 sendo investigado.<\/p>\n\n\n\n<figure class=\"wp-block-image size-large\"><img loading=\"lazy\" decoding=\"async\" width=\"718\" height=\"960\" src=\"https:\/\/tvc16.com\/portal\/wp-content\/uploads\/2021\/05\/185579167_893214904557441_3965211558229074689_n.jpg\" alt=\"\" class=\"wp-image-14440\" srcset=\"https:\/\/tvc16.com\/portal\/wp-content\/uploads\/2021\/05\/185579167_893214904557441_3965211558229074689_n.jpg 718w, https:\/\/tvc16.com\/portal\/wp-content\/uploads\/2021\/05\/185579167_893214904557441_3965211558229074689_n-224x300.jpg 224w\" sizes=\"auto, (max-width: 718px) 100vw, 718px\" \/><\/figure>\n\n\n\n<p>O segundo acusado ainda n\u00e3o foi localizado. Vale ressaltar, que o homem detido j\u00e1 tinha anota\u00e7\u00f5es criminais por tr\u00e1fico de drogas, e desta vez foi autuado por roubo majorado. Imagens das c\u00e2meras de seguran\u00e7a flagraram toda a\u00e7\u00e3o. Vale ressaltar, que outra loja do propriet\u00e1rio do estabelecimento j\u00e1 havia sido furtada no dia 2 deste m\u00eas, na Rua Dezesseis de Mar\u00e7o. Na ocasi\u00e3o um casal levou R$ 18 mil em telefones celulares. Eles tamb\u00e9m foram flagrados pelo circuito interno do estabelecimento.<\/p>\n\n\n\n<figure class=\"wp-block-image size-large\"><img loading=\"lazy\" decoding=\"async\" width=\"760\" height=\"460\" src=\"https:\/\/tvc16.com\/portal\/wp-content\/uploads\/2021\/05\/185469279_893214867890778_9213540701843051765_n.jpg\" alt=\"\" class=\"wp-image-14443\" srcset=\"https:\/\/tvc16.com\/portal\/wp-content\/uploads\/2021\/05\/185469279_893214867890778_9213540701843051765_n.jpg 760w, https:\/\/tvc16.com\/portal\/wp-content\/uploads\/2021\/05\/185469279_893214867890778_9213540701843051765_n-300x182.jpg 300w\" sizes=\"auto, (max-width: 760px) 100vw, 760px\" \/><\/figure>\n\n\n\n<p>H\u00e1 a suspeita de que um terceiro homem estaria envolvido no crime. Os acusados ainda n\u00e3o foram localizados e a mercadoria de ambos os crimes n\u00e3o foi recuperada. \u201cEst\u00e1 cada vez mais dif\u00edcil de trabalhar. Em 10 dias foram dois preju\u00edzos nos meus estabelecimentos. Desta vez a PM teve uma a\u00e7\u00e3o efetiva e r\u00e1pida, que resultou na pris\u00e3o de um dos bandidos, mas precisamos de mais seguran\u00e7a na cidade\u201d, desabafou o empres\u00e1rio Patrick Bon Ces\u00e1rio da Silva.<\/p>\n","protected":false},"excerpt":{"rendered":"<p>Na tarde desta quinta-feira (13), por volta das 14h, uma loja de conserto e venda<\/p>\n","protected":false},"author":2,"featured_media":14441,"comment_status":"open","ping_status":"open","sticky":false,"template":"","format":"standard","meta":{"footnotes":""},"categories":[12],"tags":[],"class_list":["post-14438","post","type-post","status-publish","format-standard","has-post-thumbnail","hentry","category-cidade"],"_links":{"self":[{"href":"https:\/\/tvc16.com\/portal\/wp-json\/wp\/v2\/posts\/14438","targetHints":{"allow":["GET"]}}],"collection":[{"href":"https:\/\/tvc16.com\/portal\/wp-json\/wp\/v2\/posts"}],"about":[{"href":"https:\/\/tvc16.com\/portal\/wp-json\/wp\/v2\/types\/post"}],"author":[{"embeddable":true,"href":"https:\/\/tvc16.com\/portal\/wp-json\/wp\/v2\/users\/2"}],"replies":[{"embeddable":true,"href":"https:\/\/tvc16.com\/portal\/wp-json\/wp\/v2\/comments?post=14438"}],"version-history":[{"count":2,"href":"https:\/\/tvc16.com\/portal\/wp-json\/wp\/v2\/posts\/14438\/revisions"}],"predecessor-version":[{"id":14444,"href":"https:\/\/tvc16.com\/portal\/wp-json\/wp\/v2\/posts\/14438\/revisions\/14444"}],"wp:featuredmedia":[{"embeddable":true,"href":"https:\/\/tvc16.com\/portal\/wp-json\/wp\/v2\/media\/14441"}],"wp:attachment":[{"href":"https:\/\/tvc16.com\/portal\/wp-json\/wp\/v2\/media?parent=14438"}],"wp:term":[{"taxonomy":"category","embeddable":true,"href":"https:\/\/tvc16.com\/portal\/wp-json\/wp\/v2\/categories?post=14438"},{"taxonomy":"post_tag","embeddable":true,"href":"https:\/\/tvc16.com\/portal\/wp-json\/wp\/v2\/tags?post=14438"}],"curies":[{"name":"wp","href":"https:\/\/api.w.org\/{rel}","templated":true}]}}