{"id":14451,"date":"2021-05-14T12:03:04","date_gmt":"2021-05-14T15:03:04","guid":{"rendered":"https:\/\/tvc16.com\/portal\/?p=14451"},"modified":"2021-05-14T12:03:06","modified_gmt":"2021-05-14T15:03:06","slug":"estado-de-emergencia-sera-declarado-em-mais-tres-provincias-japonesas","status":"publish","type":"post","link":"https:\/\/tvc16.com\/portal\/2021\/05\/14\/estado-de-emergencia-sera-declarado-em-mais-tres-provincias-japonesas\/","title":{"rendered":"Estado de emerg\u00eancia ser\u00e1 declarado em mais tr\u00eas prov\u00edncias japonesas"},"content":{"rendered":"\n<h3 class=\"wp-block-heading\">Novos casos de covid-19 crescem em todo o Jap\u00e3o<\/h3>\n\n\n\n<h4 class=\"wp-block-heading\">Por NHK &#8211; (emissora p\u00fablica de televis\u00e3o do Jap\u00e3o) &#8211; T\u00f3quio<\/h4>\n\n\n\n<p>O governo japon\u00eas planeja acrescentar mais tr\u00eas prov\u00edncias ao estado de emerg\u00eancia, uma vez que o n\u00famero de casos de infec\u00e7\u00e3o pelo novo coronav\u00edrus continua&nbsp; aumentando em todo o pa\u00eds. Na quinta-feira (13), mais de 6.800 novos casos foram confirmados no Jap\u00e3o.<img decoding=\"async\" src=\"https:\/\/agenciabrasil.ebc.com.br\/ebc.png?id=1409645&amp;o=node\"><img decoding=\"async\" src=\"https:\/\/agenciabrasil.ebc.com.br\/ebc.gif?id=1409645&amp;o=node\"><\/p>\n\n\n\n<p>Seis prov\u00edncias, incluindo T\u00f3quio e Osaka, encontram-se sob o estado de emerg\u00eancia at\u00e9 o fim deste m\u00eas. O governo planeja adicionar mais tr\u00eas prov\u00edncias &#8211; Hokkaido, Okayama e Hiroshima &#8211; ao estado de emerg\u00eancia, a partir de domingo. Essas prov\u00edncias est\u00e3o registrando surtos e seus sistemas m\u00e9dicos t\u00eam dificuldades no atendimento dos pacientes.<\/p>\n\n\n\n<p>Medidas intensivas, que n\u00e3o entram na categoria de estado de emerg\u00eancia, est\u00e3o atualmente em vigor em oito prov\u00edncias, incluindo aquelas vizinhas \u00e0 capital T\u00f3quio, e Hokkaido.<\/p>\n\n\n\n<p>O governo aplicar a tr\u00eas outras prov\u00edncias &#8211; Gunma, Ishikawa e Kumamoto &#8211; as medidas intensivas a partir de domingo.<\/p>\n\n\n\n<p>Nesta sexta-feira, as autoridades consultaram o painel de especialistas do governo sobre o plano. Nishimura Yasutoshi, ministro da Revitaliza\u00e7\u00e3o Econ\u00f4mica, encarregado das medidas contra o coronav\u00edrus, disse: &#8220;O n\u00famero de novos casos de covid-19 est\u00e1 aumentando n\u00e3o apenas na \u00e1rea metropolitana de T\u00f3quio, mas em todo o pa\u00eds, abrangendo as regi\u00f5es de Chugoku, Shikoku e Kyushu&#8221;.<\/p>\n\n\n\n<p>Nishimura expressou preocupa\u00e7\u00e3o em rela\u00e7\u00e3o \u00e0s variantes transmiss\u00edveis, observando que tamb\u00e9m as pessoas de gera\u00e7\u00f5es mais jovens sofrem riscos de desenvolver sintomas graves.<\/p>\n\n\n\n<p>Pesquisadores do Instituto Nacional de Doen\u00e7as Infecciosas do Jap\u00e3o dizem que as variantes portadoras da muta\u00e7\u00e3o N501Y s\u00e3o provavelmente as causas de cerca de 90% dos novos casos.<\/p>\n","protected":false},"excerpt":{"rendered":"<p>Novos casos de covid-19 crescem em todo o Jap\u00e3o Por NHK &#8211; (emissora p\u00fablica de<\/p>\n","protected":false},"author":2,"featured_media":14452,"comment_status":"open","ping_status":"open","sticky":false,"template":"","format":"standard","meta":{"footnotes":""},"categories":[17],"tags":[],"class_list":["post-14451","post","type-post","status-publish","format-standard","has-post-thumbnail","hentry","category-outras-noticias"],"_links":{"self":[{"href":"https:\/\/tvc16.com\/portal\/wp-json\/wp\/v2\/posts\/14451","targetHints":{"allow":["GET"]}}],"collection":[{"href":"https:\/\/tvc16.com\/portal\/wp-json\/wp\/v2\/posts"}],"about":[{"href":"https:\/\/tvc16.com\/portal\/wp-json\/wp\/v2\/types\/post"}],"author":[{"embeddable":true,"href":"https:\/\/tvc16.com\/portal\/wp-json\/wp\/v2\/users\/2"}],"replies":[{"embeddable":true,"href":"https:\/\/tvc16.com\/portal\/wp-json\/wp\/v2\/comments?post=14451"}],"version-history":[{"count":1,"href":"https:\/\/tvc16.com\/portal\/wp-json\/wp\/v2\/posts\/14451\/revisions"}],"predecessor-version":[{"id":14453,"href":"https:\/\/tvc16.com\/portal\/wp-json\/wp\/v2\/posts\/14451\/revisions\/14453"}],"wp:featuredmedia":[{"embeddable":true,"href":"https:\/\/tvc16.com\/portal\/wp-json\/wp\/v2\/media\/14452"}],"wp:attachment":[{"href":"https:\/\/tvc16.com\/portal\/wp-json\/wp\/v2\/media?parent=14451"}],"wp:term":[{"taxonomy":"category","embeddable":true,"href":"https:\/\/tvc16.com\/portal\/wp-json\/wp\/v2\/categories?post=14451"},{"taxonomy":"post_tag","embeddable":true,"href":"https:\/\/tvc16.com\/portal\/wp-json\/wp\/v2\/tags?post=14451"}],"curies":[{"name":"wp","href":"https:\/\/api.w.org\/{rel}","templated":true}]}}