{"id":14454,"date":"2021-05-14T12:03:52","date_gmt":"2021-05-14T15:03:52","guid":{"rendered":"https:\/\/tvc16.com\/portal\/?p=14454"},"modified":"2021-05-14T12:03:54","modified_gmt":"2021-05-14T15:03:54","slug":"israel-inicia-ataques-terrestres-a-faixa-de-gaza","status":"publish","type":"post","link":"https:\/\/tvc16.com\/portal\/2021\/05\/14\/israel-inicia-ataques-terrestres-a-faixa-de-gaza\/","title":{"rendered":"Israel inicia ataques terrestres \u00e0 Faixa de Gaza"},"content":{"rendered":"\n<h3 class=\"wp-block-heading\">Opera\u00e7\u00e3o foi anunciada atrav\u00e9s de uma rede social<\/h3>\n\n\n\n<h4 class=\"wp-block-heading\">Por NHK &#8211; (emissora p\u00fablica de televis\u00e3o do Jap\u00e3o) &#8211; Tel Aviv<\/h4>\n\n\n\n<p>O Ex\u00e9rcito de Israel anunciou que tropas terrestres, em conjunto com miss\u00f5es a\u00e9reas, deram in\u00edcio a ataques contra a Faixa de Gaza.<img decoding=\"async\" src=\"https:\/\/agenciabrasil.ebc.com.br\/ebc.png?id=1409646&amp;o=node\"><img decoding=\"async\" src=\"https:\/\/agenciabrasil.ebc.com.br\/ebc.gif?id=1409646&amp;o=node\"><\/p>\n\n\n\n<p>A opera\u00e7\u00e3o foi anunciada pelos militares no<em>&nbsp;Twitter<\/em>. Hostilidades entre Israel e Palestina completam o quinto dia nesta sexta-feira (14), em um dos mais violentos combates observados em anos.<\/p>\n\n\n\n<p>O total de mortes em Gaza, que \u00e9 efetivamente controlada pelo grupo fundamentalista isl\u00e2mico Hamas, teria aumentado para 103, incluindo crian\u00e7as.<\/p>\n\n\n\n<p>Ataques di\u00e1rios de foguetes por parte do Hamas contra a maior cidade israelense, Tel Aviv, e em outras partes do pa\u00eds, causaram a morte de sete pessoas.<\/p>\n\n\n\n<p>A imprensa israelense afirma que o Minist\u00e9rio da Defesa do pa\u00eds autorizou os militares a convocarem um total de 16 mil tropas reservistas.<\/p>\n","protected":false},"excerpt":{"rendered":"<p>Opera\u00e7\u00e3o foi anunciada atrav\u00e9s de uma rede social Por NHK &#8211; (emissora p\u00fablica de televis\u00e3o<\/p>\n","protected":false},"author":2,"featured_media":14455,"comment_status":"open","ping_status":"open","sticky":false,"template":"","format":"standard","meta":{"footnotes":""},"categories":[17],"tags":[],"class_list":["post-14454","post","type-post","status-publish","format-standard","has-post-thumbnail","hentry","category-outras-noticias"],"_links":{"self":[{"href":"https:\/\/tvc16.com\/portal\/wp-json\/wp\/v2\/posts\/14454","targetHints":{"allow":["GET"]}}],"collection":[{"href":"https:\/\/tvc16.com\/portal\/wp-json\/wp\/v2\/posts"}],"about":[{"href":"https:\/\/tvc16.com\/portal\/wp-json\/wp\/v2\/types\/post"}],"author":[{"embeddable":true,"href":"https:\/\/tvc16.com\/portal\/wp-json\/wp\/v2\/users\/2"}],"replies":[{"embeddable":true,"href":"https:\/\/tvc16.com\/portal\/wp-json\/wp\/v2\/comments?post=14454"}],"version-history":[{"count":1,"href":"https:\/\/tvc16.com\/portal\/wp-json\/wp\/v2\/posts\/14454\/revisions"}],"predecessor-version":[{"id":14456,"href":"https:\/\/tvc16.com\/portal\/wp-json\/wp\/v2\/posts\/14454\/revisions\/14456"}],"wp:featuredmedia":[{"embeddable":true,"href":"https:\/\/tvc16.com\/portal\/wp-json\/wp\/v2\/media\/14455"}],"wp:attachment":[{"href":"https:\/\/tvc16.com\/portal\/wp-json\/wp\/v2\/media?parent=14454"}],"wp:term":[{"taxonomy":"category","embeddable":true,"href":"https:\/\/tvc16.com\/portal\/wp-json\/wp\/v2\/categories?post=14454"},{"taxonomy":"post_tag","embeddable":true,"href":"https:\/\/tvc16.com\/portal\/wp-json\/wp\/v2\/tags?post=14454"}],"curies":[{"name":"wp","href":"https:\/\/api.w.org\/{rel}","templated":true}]}}