{"id":14457,"date":"2021-05-14T12:04:39","date_gmt":"2021-05-14T15:04:39","guid":{"rendered":"https:\/\/tvc16.com\/portal\/?p=14457"},"modified":"2021-05-14T12:04:42","modified_gmt":"2021-05-14T15:04:42","slug":"morre-aos-66-anos-jorge-picciani-ex-presidente-da-assembleia-do-rio","status":"publish","type":"post","link":"https:\/\/tvc16.com\/portal\/2021\/05\/14\/morre-aos-66-anos-jorge-picciani-ex-presidente-da-assembleia-do-rio\/","title":{"rendered":"Morre, aos 66 anos, Jorge Picciani, ex-presidente da Assembleia do Rio"},"content":{"rendered":"\n<h3 class=\"wp-block-heading\">Pol\u00edtico tratava de um c\u00e2ncer em S\u00e3o Paulo<\/h3>\n\n\n\n<h4 class=\"wp-block-heading\">09:00 Por Akemi Nitahara \u2013 Rep\u00f3rter da Ag\u00eancia Brasil &#8211; Rio de Janeiro<\/h4>\n\n\n\n<p>Jorge Picciani, ex-deputado estadual do Rio de Janeiro, morreu (14) hoje. Ele tratava de um c\u00e2ncer no Hospital Vila Nova Star, em S\u00e3o Paulo, e tinha 66 anos. O falecimento foi confirmado pela Assembleia Legislativa do Estado do Rio de Janeiro (Alerj), que&nbsp; divulgou nota lamentando a perda e informou que ir\u00e1 decretar luto de tr\u00eas dias.<img decoding=\"async\" src=\"https:\/\/agenciabrasil.ebc.com.br\/ebc.png?id=1409649&amp;o=node\"><img decoding=\"async\" src=\"https:\/\/agenciabrasil.ebc.com.br\/ebc.gif?id=1409649&amp;o=node\"><\/p>\n\n\n\n<p>\u201cA Assembleia Legislativa do Estado do Rio de Janeiro lamenta profundamente a morte do ex-deputado e ex-presidente da Casa, Jorge Picciani. A Casa foi informada oficialmente do falecimento no in\u00edcio da manh\u00e3 de hoje pela fam\u00edlia de Picciani, que presidiu a Alerj por tr\u00eas mandatos. O presidente da Casa, Andr\u00e9 Ceciliano, ofereceu as instala\u00e7\u00f5es do Sal\u00e3o Get\u00falio Vargas para o vel\u00f3rio, que deve acontecer no in\u00edcio da noite desta sexta-feira\u201d, diz nota da Assembleia Legislativa.<\/p>\n\n\n\n<h2 class=\"wp-block-heading\">Carreira pol\u00edtica<\/h2>\n\n\n\n<p>O pecuarista Jorge Sayed Picciani foi eleito pela primeira vez para a Assembleia Legislativa (Alerj) em 1990, sendo&nbsp; reeleito quatro vezes, presidindo a institui\u00e7\u00e3o de 2003 a 2010. Em 2010, concorreu ao Senado, mas n\u00e3o foi eleito, voltando para a Alerj na elei\u00e7\u00e3o de 2014 e tamb\u00e9m \u00e0 presid\u00eancia da Assembleia Legislativa. Filiado ao ent\u00e3o PMDB desde 1995, foi presidente estadual da legenda.<\/p>\n\n\n\n<p>Em novembro de 2017, Picciani foi preso na Opera\u00e7\u00e3o Cadeia Velha, acusado de participar de um esquema de propina no setor de transportes do estado, e novamente em novembro de 2018 na Opera\u00e7\u00e3o Furna da On\u00e7a, acusado de participar de esquemas de corrup\u00e7\u00e3o do ex-governador S\u00e9rgio Cabral.<\/p>\n\n\n\n<p>Jorge Picciani deixa a esposa, Hort\u00eancia, e cinco filhos. Entre eles, os tamb\u00e9m pol\u00edticos Leonardo Picciani, que foi deputado federal e ministro do Esporte de Michel Temer, e Rafael Picciani, que exerceu mandatos de deputado estadual, tendo sido secret\u00e1rio de Transportes da prefeitura do Rio de Janeiro e de Habita\u00e7\u00e3o do Estado.<\/p>\n\n\n\n<p>Edi\u00e7\u00e3o: Kleber Sampaio<\/p>\n","protected":false},"excerpt":{"rendered":"<p>Pol\u00edtico tratava de um c\u00e2ncer em S\u00e3o Paulo 09:00 Por Akemi Nitahara \u2013 Rep\u00f3rter da<\/p>\n","protected":false},"author":2,"featured_media":14458,"comment_status":"open","ping_status":"open","sticky":false,"template":"","format":"standard","meta":{"footnotes":""},"categories":[17],"tags":[],"class_list":["post-14457","post","type-post","status-publish","format-standard","has-post-thumbnail","hentry","category-outras-noticias"],"_links":{"self":[{"href":"https:\/\/tvc16.com\/portal\/wp-json\/wp\/v2\/posts\/14457","targetHints":{"allow":["GET"]}}],"collection":[{"href":"https:\/\/tvc16.com\/portal\/wp-json\/wp\/v2\/posts"}],"about":[{"href":"https:\/\/tvc16.com\/portal\/wp-json\/wp\/v2\/types\/post"}],"author":[{"embeddable":true,"href":"https:\/\/tvc16.com\/portal\/wp-json\/wp\/v2\/users\/2"}],"replies":[{"embeddable":true,"href":"https:\/\/tvc16.com\/portal\/wp-json\/wp\/v2\/comments?post=14457"}],"version-history":[{"count":1,"href":"https:\/\/tvc16.com\/portal\/wp-json\/wp\/v2\/posts\/14457\/revisions"}],"predecessor-version":[{"id":14459,"href":"https:\/\/tvc16.com\/portal\/wp-json\/wp\/v2\/posts\/14457\/revisions\/14459"}],"wp:featuredmedia":[{"embeddable":true,"href":"https:\/\/tvc16.com\/portal\/wp-json\/wp\/v2\/media\/14458"}],"wp:attachment":[{"href":"https:\/\/tvc16.com\/portal\/wp-json\/wp\/v2\/media?parent=14457"}],"wp:term":[{"taxonomy":"category","embeddable":true,"href":"https:\/\/tvc16.com\/portal\/wp-json\/wp\/v2\/categories?post=14457"},{"taxonomy":"post_tag","embeddable":true,"href":"https:\/\/tvc16.com\/portal\/wp-json\/wp\/v2\/tags?post=14457"}],"curies":[{"name":"wp","href":"https:\/\/api.w.org\/{rel}","templated":true}]}}