{"id":14463,"date":"2021-05-14T12:06:26","date_gmt":"2021-05-14T15:06:26","guid":{"rendered":"https:\/\/tvc16.com\/portal\/?p=14463"},"modified":"2021-05-14T12:06:28","modified_gmt":"2021-05-14T15:06:28","slug":"prefeitura-do-rio-espera-vacinar-90-da-populacao-adulta-ate-outubro","status":"publish","type":"post","link":"https:\/\/tvc16.com\/portal\/2021\/05\/14\/prefeitura-do-rio-espera-vacinar-90-da-populacao-adulta-ate-outubro\/","title":{"rendered":"Prefeitura do Rio espera vacinar 90% da popula\u00e7\u00e3o adulta at\u00e9 outubro"},"content":{"rendered":"\n<h3 class=\"wp-block-heading\">Vacina\u00e7\u00e3o contra a covid-19 volta a partir de 31 maio a ser por idade<\/h3>\n\n\n\n<h4 class=\"wp-block-heading\">Por Ana Cristina Campos \u2013 Rep\u00f3rter da Ag\u00eancia Brasil &#8211; Rio de Janeiro<\/h4>\n\n\n\n<p>A prefeitura do Rio de Janeiro tem como meta vacinar 90% da popula\u00e7\u00e3o adulta at\u00e9 outubro com a primeira dose contra a covid-19. Na quarta-feira (12), foi anunciado um novo calend\u00e1rio de vacina\u00e7\u00e3o em que, a&nbsp;<a href=\"https:\/\/agenciabrasil.ebc.com.br\/saude\/noticia\/2021-05\/rio-pretende-vacinar-todos-grupos-ate-18-anos-ate-outubro\" target=\"_blank\" rel=\"noreferrer noopener\">partir de 31 de maio<\/a>, volta a imuniza\u00e7\u00e3o por idade.<img decoding=\"async\" src=\"https:\/\/agenciabrasil.ebc.com.br\/ebc.png?id=1409653&amp;o=node\"><img decoding=\"async\" src=\"https:\/\/agenciabrasil.ebc.com.br\/ebc.gif?id=1409653&amp;o=node\"><\/p>\n\n\n\n<p>\u201cChegando a essas condi\u00e7\u00f5es, a gente possa ter r\u00e9veillon, carnaval, que as pessoas possam voltar a se abra\u00e7ar. Esse \u00e9 o objetivo que a gente quer chegar. Quando a gente olha para o futuro, precisa ter um m\u00ednimo de previsibilidade\u201d, disse hoje (14) o prefeito do Rio, Eduardo Paes, durante a divulga\u00e7\u00e3o do 19\u00b0 Boletim Epidemiol\u00f3gico da Covid-19. \u201cMas, n\u00e3o custa lembrar que isso depende da chegada dos imunizantes\u201d.<\/p>\n\n\n\n<p>At\u00e9 o momento, 1,745 milh\u00e3o de cariocas j\u00e1 foram vacinados com a primeira dose, o que corresponde a 25,9% da popula\u00e7\u00e3o carioca. O percentual de pessoas de 60 ou mais vacinados com a primeira dose \u00e9 de 96,7%. Com a segunda dose, foram 805 mil pessoas.<\/p>\n\n\n\n<p>Ele lembrou que a capital fluminense poderia estar vacinando muito mais pessoas por dia, mas que segue a determina\u00e7\u00e3o do Plano Nacional de Imuniza\u00e7\u00f5es de vacinar os grupos priorit\u00e1rios cujo calend\u00e1rio se encerra em duas semanas.<\/p>\n\n\n\n<p>Paes antecipou que vai editar decreto no in\u00edcio da semana que vem com a possibilidade da volta de realiza\u00e7\u00e3o de eventos com uma s\u00e9rie de protocolos. Ele citou como exemplo que as pessoas sejam testadas com o teste r\u00e1pido no dia da realiza\u00e7\u00e3o do evento para que algumas atividades possam voltar a funcionar.<\/p>\n\n\n\n<p>Edi\u00e7\u00e3o: Val\u00e9ria Aguiar<\/p>\n","protected":false},"excerpt":{"rendered":"<p>Vacina\u00e7\u00e3o contra a covid-19 volta a partir de 31 maio a ser por idade Por<\/p>\n","protected":false},"author":2,"featured_media":14464,"comment_status":"open","ping_status":"open","sticky":false,"template":"","format":"standard","meta":{"footnotes":""},"categories":[17],"tags":[],"class_list":["post-14463","post","type-post","status-publish","format-standard","has-post-thumbnail","hentry","category-outras-noticias"],"_links":{"self":[{"href":"https:\/\/tvc16.com\/portal\/wp-json\/wp\/v2\/posts\/14463","targetHints":{"allow":["GET"]}}],"collection":[{"href":"https:\/\/tvc16.com\/portal\/wp-json\/wp\/v2\/posts"}],"about":[{"href":"https:\/\/tvc16.com\/portal\/wp-json\/wp\/v2\/types\/post"}],"author":[{"embeddable":true,"href":"https:\/\/tvc16.com\/portal\/wp-json\/wp\/v2\/users\/2"}],"replies":[{"embeddable":true,"href":"https:\/\/tvc16.com\/portal\/wp-json\/wp\/v2\/comments?post=14463"}],"version-history":[{"count":1,"href":"https:\/\/tvc16.com\/portal\/wp-json\/wp\/v2\/posts\/14463\/revisions"}],"predecessor-version":[{"id":14465,"href":"https:\/\/tvc16.com\/portal\/wp-json\/wp\/v2\/posts\/14463\/revisions\/14465"}],"wp:featuredmedia":[{"embeddable":true,"href":"https:\/\/tvc16.com\/portal\/wp-json\/wp\/v2\/media\/14464"}],"wp:attachment":[{"href":"https:\/\/tvc16.com\/portal\/wp-json\/wp\/v2\/media?parent=14463"}],"wp:term":[{"taxonomy":"category","embeddable":true,"href":"https:\/\/tvc16.com\/portal\/wp-json\/wp\/v2\/categories?post=14463"},{"taxonomy":"post_tag","embeddable":true,"href":"https:\/\/tvc16.com\/portal\/wp-json\/wp\/v2\/tags?post=14463"}],"curies":[{"name":"wp","href":"https:\/\/api.w.org\/{rel}","templated":true}]}}