{"id":14466,"date":"2021-05-14T12:07:09","date_gmt":"2021-05-14T15:07:09","guid":{"rendered":"https:\/\/tvc16.com\/portal\/?p=14466"},"modified":"2021-05-14T12:07:11","modified_gmt":"2021-05-14T15:07:11","slug":"sp-tem-a-madrugada-mais-fria-do-ano-com-termometros-em-13c","status":"publish","type":"post","link":"https:\/\/tvc16.com\/portal\/2021\/05\/14\/sp-tem-a-madrugada-mais-fria-do-ano-com-termometros-em-13c\/","title":{"rendered":"SP tem a madrugada mais fria do ano com term\u00f4metros em 13\u00b0C"},"content":{"rendered":"\n<h3 class=\"wp-block-heading\">Sexta-feira segue fria mas com eleva\u00e7\u00e3o da temperatura \u00e0 tarde<\/h3>\n\n\n\n<h4 class=\"wp-block-heading\">Por Ludmilla Souza &#8211; Rep\u00f3rte da Ag\u00eancia Brasil &#8211; S\u00e3o Paulo<\/h4>\n\n\n\n<p>A madrugada de hoje (14) registrou a temperatura mais fria do ano, at\u00e9 o momento, com term\u00f4metros marcando 13 graus Celsius (\u00baC), de acordo com medi\u00e7\u00e3o feita nas esta\u00e7\u00f5es meteorol\u00f3gicas do Centro de Gerenciamento de Emerg\u00eancias Clim\u00e1ticas da Prefeitura de S\u00e3o Paulo (CGE). A madrugada foi de c\u00e9u nublado e sem registro de chuva.<img decoding=\"async\" src=\"https:\/\/agenciabrasil.ebc.com.br\/ebc.png?id=1409655&amp;o=node\"><img decoding=\"async\" src=\"https:\/\/agenciabrasil.ebc.com.br\/ebc.gif?id=1409655&amp;o=node\"><\/p>\n\n\n\n<p>A sexta-feira come\u00e7ou gelada. No decorrer do dia, no entanto, o sol aparece entre nuvens e diminui um pouco a sensa\u00e7\u00e3o de frio, favorecendo a gradativa eleva\u00e7\u00e3o das temperaturas com m\u00e1ximas que podem chegar aos 21\u00b0C. No final do dia a nebulosidade volta a aumentar, por\u00e9m n\u00e3o h\u00e1 previs\u00e3o de chuvas significativas.<\/p>\n\n\n\n<p>No s\u00e1bado (15) espera-se mais uma madrugada gelada, com term\u00f4metros oscilando em torno dos 13\u00b0C. Ao longo do dia as temperaturas podem podem chegar aos 22\u00b0C. N\u00e3o h\u00e1 previs\u00e3o de chuva tamb\u00e9m para o s\u00e1bado, na Grande S\u00e3o Paulo.<\/p>\n\n\n\n<p>Para os pr\u00f3ximos dias, a previs\u00e3o segue de sol entre nuvens, com temperaturas mais baixas nas madrugadas e gradativa eleva\u00e7\u00e3o durante as tardes.<\/p>\n\n\n\n<p>Edi\u00e7\u00e3o: Denise Griesinger<\/p>\n","protected":false},"excerpt":{"rendered":"<p>Sexta-feira segue fria mas com eleva\u00e7\u00e3o da temperatura \u00e0 tarde Por Ludmilla Souza &#8211; Rep\u00f3rte<\/p>\n","protected":false},"author":2,"featured_media":14467,"comment_status":"open","ping_status":"open","sticky":false,"template":"","format":"standard","meta":{"footnotes":""},"categories":[17],"tags":[],"class_list":["post-14466","post","type-post","status-publish","format-standard","has-post-thumbnail","hentry","category-outras-noticias"],"_links":{"self":[{"href":"https:\/\/tvc16.com\/portal\/wp-json\/wp\/v2\/posts\/14466","targetHints":{"allow":["GET"]}}],"collection":[{"href":"https:\/\/tvc16.com\/portal\/wp-json\/wp\/v2\/posts"}],"about":[{"href":"https:\/\/tvc16.com\/portal\/wp-json\/wp\/v2\/types\/post"}],"author":[{"embeddable":true,"href":"https:\/\/tvc16.com\/portal\/wp-json\/wp\/v2\/users\/2"}],"replies":[{"embeddable":true,"href":"https:\/\/tvc16.com\/portal\/wp-json\/wp\/v2\/comments?post=14466"}],"version-history":[{"count":1,"href":"https:\/\/tvc16.com\/portal\/wp-json\/wp\/v2\/posts\/14466\/revisions"}],"predecessor-version":[{"id":14468,"href":"https:\/\/tvc16.com\/portal\/wp-json\/wp\/v2\/posts\/14466\/revisions\/14468"}],"wp:featuredmedia":[{"embeddable":true,"href":"https:\/\/tvc16.com\/portal\/wp-json\/wp\/v2\/media\/14467"}],"wp:attachment":[{"href":"https:\/\/tvc16.com\/portal\/wp-json\/wp\/v2\/media?parent=14466"}],"wp:term":[{"taxonomy":"category","embeddable":true,"href":"https:\/\/tvc16.com\/portal\/wp-json\/wp\/v2\/categories?post=14466"},{"taxonomy":"post_tag","embeddable":true,"href":"https:\/\/tvc16.com\/portal\/wp-json\/wp\/v2\/tags?post=14466"}],"curies":[{"name":"wp","href":"https:\/\/api.w.org\/{rel}","templated":true}]}}