{"id":14475,"date":"2021-05-14T15:27:35","date_gmt":"2021-05-14T18:27:35","guid":{"rendered":"https:\/\/tvc16.com\/portal\/?p=14475"},"modified":"2021-05-14T15:27:37","modified_gmt":"2021-05-14T18:27:37","slug":"valorizacao-do-artista-local-governo-interino-homologa-edital-do-fundo-de-cultura-de-2020","status":"publish","type":"post","link":"https:\/\/tvc16.com\/portal\/2021\/05\/14\/valorizacao-do-artista-local-governo-interino-homologa-edital-do-fundo-de-cultura-de-2020\/","title":{"rendered":"Valoriza\u00e7\u00e3o do artista local: governo interino homologa edital do Fundo de Cultura de 2020"},"content":{"rendered":"\n<p>Prefeitura vai investir parte da verba do IMC para o edital 2021<\/p>\n\n\n\n<p>O governo interino homologou o resultado do edital referente ao Fundo Municipal de Cultura de 2020. O valor total empenhado de R$ 220.400,00 vai contemplar 84 projetos dos mais diversos seguimentos culturais. J\u00e1 em rela\u00e7\u00e3o ao edital do Fundo para 2021, foi autorizado pela prefeitura a disponibilidade de or\u00e7amento pr\u00f3prio do Instituto Municipal de Cultura (IMC) como forma de fomentar a cultura mediante concurso para sele\u00e7\u00e3o de projetos da classe art\u00edstica do munic\u00edpio.<\/p>\n\n\n\n<p>\u201cDessa forma vamos valorizar cada vez mais a cultura e o artista petropolitano\u201d, destaca o prefeito interino Hingo Hammes, ressaltando outros avan\u00e7os do governo interino no segmento da cultura. &#8220;Regularizamos o edital Fique em Casa com Cultura e realizamos o pagamento do edital da Lei Aldir Blanc, incentivando outras produ\u00e7\u00f5es culturais, de diversos segmentos&#8221;, conta Hammes.<\/p>\n\n\n\n<p>Nesta semana, o IMC iniciou a reorganiza\u00e7\u00e3o junto aos artistas selecionados um cronograma de execu\u00e7\u00e3o, como forma de garantir o alcance dos produtos culturais destes projetos \u00e0 toda a popula\u00e7\u00e3o de Petr\u00f3polis. \u201cNo caso, os artistas recebem em at\u00e9 30 dias ap\u00f3s a execu\u00e7\u00e3o de seus projetos\u201d, explica Leandro Kronemberger, diretor-presidente do Instituto Municipal de Cultura.<\/p>\n\n\n\n<p>O petropolitano Rodolfo Medeiros, organizador do Feespe, foi um dos contemplados. Segundo ele, o edital \u00e9 important\u00edssimo para a classe cultural. &#8220;Muitos artistas perderam completamente a sua renda. O edital \u00e9 uma maneira de contribuir com essas pessoas, al\u00e9m de valorizar os artistas da nossa cidade&#8221;, ressalta.<\/p>\n\n\n\n<p>A atriz Simone Rodrigues, teve dois projetos aprovados pelo Fundo de Cultura: a pe\u00e7a teatral Casa das Margaridas, e o projeto de v\u00eddeo perform\u00e1tico Cantos Negros. Ela ressaltou a import\u00e2ncia do edital de cultura para os artistas da cidade.<\/p>\n\n\n\n<p>&#8220;O Fundo de Cultura \u00e9 totalmente necess\u00e1rio para fomentar a cultura em nossa cidade. Ele possibilita a realiza\u00e7\u00e3o de diversos trabalhos art\u00edsticos em todos os segmentos, bem como viabiliza o acesso de p\u00fablicos a arte atrav\u00e9s da internet. Al\u00e9m disso, ele viabiliza a produ\u00e7\u00e3o dos projetos com a compra de cen\u00e1rio, figurinos e outros servi\u00e7os necess\u00e1rios \u00e0 produ\u00e7\u00e3o e realiza\u00e7\u00e3o dos trabalhos e garante o recebimento de cach\u00ea para os profissionais envolvidos que encontram-se parados por causa da Pandemia&#8221;, disse Simone.<\/p>\n\n\n\n<p>Para esse ano, foi autorizado o uso de or\u00e7amento pr\u00f3prio do Instituto Municipal de Cultura como forma de fomento a cultura em Petr\u00f3polis. A Comiss\u00e3o de Projetos do Conselho Municipal de Cultura (CMC) j\u00e1 est\u00e1 em fase de finaliza\u00e7\u00e3o do Edital para a sele\u00e7\u00e3o de 2021.<\/p>\n\n\n\n<p>&#8220;Fizemos esse an\u00fancio, inclusive, nas inclusive com anuncio oficial em reuni\u00f5es do CMC. Queremos fomentar a cultura e valorizar, cada dia mais, o artista petropolitano, que produz com extrema qualidade em diversos segmentos&#8221;, completa Berg.<\/p>\n\n\n\n<p>Foto: Guia de Petr\u00f3polis <\/p>\n","protected":false},"excerpt":{"rendered":"<p>Prefeitura vai investir parte da verba do IMC para o edital 2021 O governo interino<\/p>\n","protected":false},"author":2,"featured_media":14476,"comment_status":"open","ping_status":"open","sticky":false,"template":"","format":"standard","meta":{"footnotes":""},"categories":[12],"tags":[],"class_list":["post-14475","post","type-post","status-publish","format-standard","has-post-thumbnail","hentry","category-cidade"],"_links":{"self":[{"href":"https:\/\/tvc16.com\/portal\/wp-json\/wp\/v2\/posts\/14475","targetHints":{"allow":["GET"]}}],"collection":[{"href":"https:\/\/tvc16.com\/portal\/wp-json\/wp\/v2\/posts"}],"about":[{"href":"https:\/\/tvc16.com\/portal\/wp-json\/wp\/v2\/types\/post"}],"author":[{"embeddable":true,"href":"https:\/\/tvc16.com\/portal\/wp-json\/wp\/v2\/users\/2"}],"replies":[{"embeddable":true,"href":"https:\/\/tvc16.com\/portal\/wp-json\/wp\/v2\/comments?post=14475"}],"version-history":[{"count":1,"href":"https:\/\/tvc16.com\/portal\/wp-json\/wp\/v2\/posts\/14475\/revisions"}],"predecessor-version":[{"id":14477,"href":"https:\/\/tvc16.com\/portal\/wp-json\/wp\/v2\/posts\/14475\/revisions\/14477"}],"wp:featuredmedia":[{"embeddable":true,"href":"https:\/\/tvc16.com\/portal\/wp-json\/wp\/v2\/media\/14476"}],"wp:attachment":[{"href":"https:\/\/tvc16.com\/portal\/wp-json\/wp\/v2\/media?parent=14475"}],"wp:term":[{"taxonomy":"category","embeddable":true,"href":"https:\/\/tvc16.com\/portal\/wp-json\/wp\/v2\/categories?post=14475"},{"taxonomy":"post_tag","embeddable":true,"href":"https:\/\/tvc16.com\/portal\/wp-json\/wp\/v2\/tags?post=14475"}],"curies":[{"name":"wp","href":"https:\/\/api.w.org\/{rel}","templated":true}]}}