{"id":14478,"date":"2021-05-14T16:41:08","date_gmt":"2021-05-14T19:41:08","guid":{"rendered":"https:\/\/tvc16.com\/portal\/?p=14478"},"modified":"2021-05-14T16:41:10","modified_gmt":"2021-05-14T19:41:10","slug":"coronavac-petropolis-retoma-neste-sabado-vacinacao-de-gestantes-e-puerperas-com-comorbidades","status":"publish","type":"post","link":"https:\/\/tvc16.com\/portal\/2021\/05\/14\/coronavac-petropolis-retoma-neste-sabado-vacinacao-de-gestantes-e-puerperas-com-comorbidades\/","title":{"rendered":"CoronaVac: Petr\u00f3polis retoma neste s\u00e1bado vacina\u00e7\u00e3o de gestantes e pu\u00e9rperas com comorbidades"},"content":{"rendered":"\n<p>Vacina\u00e7\u00e3o deste p\u00fablico ser\u00e1 centralizada em dois pontos. N\u00e3o \u00e9 necess\u00e1rio fazer o cadastramento previamente<\/p>\n\n\n\n<p>A Secretaria de Sa\u00fade retoma neste s\u00e1bado (15\/05) a vacina\u00e7\u00e3o contra a covid-19 de gestantes e pu\u00e9rperas maiores de 18 anos com comorbidades, que moram em Petr\u00f3polis. A a\u00e7\u00e3o ser\u00e1 poss\u00edvel com a chegada de pouco mais de 200 doses da CoronaVac ao munic\u00edpio. As doses foram enviadas pelo Estado para atender exclusivamente este p\u00fablico. A aplica\u00e7\u00e3o da vacina da AstraZeneca em gestantes e pu\u00e9rperas foi suspensa preventivamente pela Secretaria Municipal de Sa\u00fade nesta semana, por recomenda\u00e7\u00e3o da Anvisa e da Secretaria de Estado de Sa\u00fade. A partir de agora, a vacina\u00e7\u00e3o para estes dois p\u00fablicos &#8211; com a CoronaVac &#8211; ser\u00e1 concentrada em dois pontos: o campus da UCP na Rua Benjamin Constant (Centro), e o Parque Municipal, em Itaipava. Nos dois pontos a vacina produzida pelo Butantan tamb\u00e9m est\u00e1 dispon\u00edvel para a aplica\u00e7\u00e3o de segunda dose em pessoas que por algum motivo perderam o prazo para concluir a imuniza\u00e7\u00e3o.<\/p>\n\n\n\n<p>\u201cEstamos recebendo hoje doses de CoronaVac espec\u00edficas para vacinar as gestantes e pu\u00e9rperas e, com isso, estamos retomando, conforme a orienta\u00e7\u00e3o da Secretaria de Estado de Sa\u00fade, a aplica\u00e7\u00e3o da vacina neste p\u00fablico. A disponibiliza\u00e7\u00e3o do imunizante em dois pontos \u00e9 necess\u00e1ria para evitarmos a perda de doses\u201d, explica o secret\u00e1rio de Sa\u00fade Aloisio Barbosa da Silva Filho, lembrando que gestantes e pu\u00e9rperas com comorbidades n\u00e3o precisam de cadastro.<\/p>\n\n\n\n<p>Para receber a vacina, basta que elas compare\u00e7am a um dos dois pontos de vacina\u00e7\u00e3o apresentando documento de identidade com foto, CPF, comprovante de resid\u00eancia e laudo ou comprovante m\u00e9dico confirmando a gesta\u00e7\u00e3o ou puerp\u00e9rio, bem como laudo ou receita m\u00e9dica que comprove o tipo de comorbidade. Tamb\u00e9m \u00e9 indicado apresentar o cart\u00e3o de vacina\u00e7\u00e3o.<\/p>\n\n\n\n<p>A Secretaria de Sa\u00fade frisa que aquelas que se vacinaram contra a influenza (gripe) devem respeitar o per\u00edodo de intervalo entre uma vacina e outra. \u201c\u00c9 sempre necess\u00e1rio respeitar o intervalo entre uma vacina e outra. Quem tomou a vacina contra a influenza (gripe) deve esperar o prazo de 15 dias para se vacinar contra a covid. A orienta\u00e7\u00e3o \u00e9 para que as gestantes e pu\u00e9rperas apresentem o cart\u00e3o de vacina\u00e7\u00e3o no momento em que comparecerem ao posto\u201d, recomenda o secret\u00e1rio de Sa\u00fade Aloisio Barbosa da Silva Filho.<\/p>\n\n\n\n<p>Foto: Ag\u00eancia Brasil<\/p>\n","protected":false},"excerpt":{"rendered":"<p>Vacina\u00e7\u00e3o deste p\u00fablico ser\u00e1 centralizada em dois pontos. N\u00e3o \u00e9 necess\u00e1rio fazer o cadastramento previamente<\/p>\n","protected":false},"author":2,"featured_media":14301,"comment_status":"open","ping_status":"open","sticky":false,"template":"","format":"standard","meta":{"footnotes":""},"categories":[12],"tags":[],"class_list":["post-14478","post","type-post","status-publish","format-standard","has-post-thumbnail","hentry","category-cidade"],"_links":{"self":[{"href":"https:\/\/tvc16.com\/portal\/wp-json\/wp\/v2\/posts\/14478","targetHints":{"allow":["GET"]}}],"collection":[{"href":"https:\/\/tvc16.com\/portal\/wp-json\/wp\/v2\/posts"}],"about":[{"href":"https:\/\/tvc16.com\/portal\/wp-json\/wp\/v2\/types\/post"}],"author":[{"embeddable":true,"href":"https:\/\/tvc16.com\/portal\/wp-json\/wp\/v2\/users\/2"}],"replies":[{"embeddable":true,"href":"https:\/\/tvc16.com\/portal\/wp-json\/wp\/v2\/comments?post=14478"}],"version-history":[{"count":1,"href":"https:\/\/tvc16.com\/portal\/wp-json\/wp\/v2\/posts\/14478\/revisions"}],"predecessor-version":[{"id":14479,"href":"https:\/\/tvc16.com\/portal\/wp-json\/wp\/v2\/posts\/14478\/revisions\/14479"}],"wp:featuredmedia":[{"embeddable":true,"href":"https:\/\/tvc16.com\/portal\/wp-json\/wp\/v2\/media\/14301"}],"wp:attachment":[{"href":"https:\/\/tvc16.com\/portal\/wp-json\/wp\/v2\/media?parent=14478"}],"wp:term":[{"taxonomy":"category","embeddable":true,"href":"https:\/\/tvc16.com\/portal\/wp-json\/wp\/v2\/categories?post=14478"},{"taxonomy":"post_tag","embeddable":true,"href":"https:\/\/tvc16.com\/portal\/wp-json\/wp\/v2\/tags?post=14478"}],"curies":[{"name":"wp","href":"https:\/\/api.w.org\/{rel}","templated":true}]}}