{"id":14483,"date":"2021-05-14T17:56:26","date_gmt":"2021-05-14T20:56:26","guid":{"rendered":"https:\/\/tvc16.com\/portal\/?p=14483"},"modified":"2021-05-14T17:56:28","modified_gmt":"2021-05-14T20:56:28","slug":"camara-municipal-aprova-projeto-que-adequa-contribuicao-previdenciaria-do-inpas","status":"publish","type":"post","link":"https:\/\/tvc16.com\/portal\/2021\/05\/14\/camara-municipal-aprova-projeto-que-adequa-contribuicao-previdenciaria-do-inpas\/","title":{"rendered":"C\u00e2mara Municipal aprova projeto que adequa contribui\u00e7\u00e3o previdenci\u00e1ria do INPAS"},"content":{"rendered":"\n<p>Na sess\u00e3o plen\u00e1ria da \u00faltima quinta-feira (13), na C\u00e2mara Municipal, os vereadores aprovaram, por unanimidade, o projeto de lei que transforma em progressiva a al\u00edquota descontada dos servidores e destinada ao Instituto de Previd\u00eancia e Assist\u00eancia Social do Servidor P\u00fablico do Munic\u00edpio de Petr\u00f3polis (INPAS).<\/p>\n\n\n\n<p>A C\u00e2mara realizou reuni\u00f5es para a discuss\u00e3o minuciosa do projeto apresentado pela Prefeitura. Participaram dos debates, os representantes do Sindicato Estadual dos Profissionais da Educa\u00e7\u00e3o (SEPE), Sindicato dos Servidores P\u00fablicos de Petr\u00f3polis (SISEP), Sindicato dos Fiscais Municipais de Petr\u00f3polis (SINDFISC), Associa\u00e7\u00e3o dos Guardas Municipais, Associa\u00e7\u00e3o dos Professores Aposentados e a diretoria do INPAS. A condu\u00e7\u00e3o das reuni\u00f5es foi feita pelo Presidente Interino da Casa Legislativa, vereador Fred Proc\u00f3pio (PL) e o primeiro secret\u00e1rio, vereador Yuri Moura (PSOL).<\/p>\n\n\n\n<p>O projeto aprovado, que recebeu o apoio de sindicatos e associa\u00e7\u00f5es, utiliza a chamada al\u00edquota progressiva (ou fracionada), que favorece quem recebe menos. Trata-se de uma adequa\u00e7\u00e3o do munic\u00edpio \u00e0 legisla\u00e7\u00e3o federal em vigor, especialmente \u00e0 Emenda Constitucional 103\/2019 (Reforma da Previd\u00eancia), e permite que a cidade receba o Certificado de Regularidade Previdenci\u00e1ria (CRP), documento que comprova que a prefeitura cumpre todas as exig\u00eancias referentes \u00e0 sua previd\u00eancia.<\/p>\n\n\n\n<p>Munic\u00edpios sem CRP s\u00e3o impedidos de receber transfer\u00eancias volunt\u00e1rias da Uni\u00e3o ou de ter acesso a empr\u00e9stimos e linhas de cr\u00e9dito.<\/p>\n\n\n\n<p>O projeto, que dever\u00e1 ser sancionado nos pr\u00f3ximos dias, mant\u00e9m o direito \u00e0 isen\u00e7\u00e3o da tributa\u00e7\u00e3o para os mais de 90% de aposentados e pensionistas que est\u00e3o livres da contribui\u00e7\u00e3o atualmente e impede o aumento da al\u00edquota para quem recebe at\u00e9 2 mil reais. Hoje, dos 3.490 servidores inativos e pensionistas, 3.146 n\u00e3o ser\u00e3o atingidos pelas mudan\u00e7as. J\u00e1 entre os servidores ativos, 1.489, que recebem at\u00e9 2 mil reais continuar\u00e3o pagando al\u00edquota de 11%.&nbsp;<\/p>\n\n\n\n<p><strong>Indica\u00e7\u00e3o Legislativa para Concurso P\u00fablico tamb\u00e9m \u00e9 aprovada<\/strong>Na sess\u00e3o plen\u00e1ria desta quinta-feira (13), tamb\u00e9m foi aprovada a indica\u00e7\u00e3o legislativa que sugere que a Prefeitura publique um decreto para criar uma comiss\u00e3o pr\u00f3pria para a realiza\u00e7\u00e3o de concurso p\u00fablico e, assim, repor as vagas em aberto na administra\u00e7\u00e3o p\u00fablica municipal. A indica\u00e7\u00e3o foi assinada por todos os vereadores e tem como justificativa que o d\u00e9ficit de servidores vem prejudicando a presta\u00e7\u00e3o dos servi\u00e7os p\u00fablicos na cidade. &#8220;Essa indica\u00e7\u00e3o tamb\u00e9m \u00e9 um pedido feito pelos Sindicatos nos debates que realizamos&#8221;,&nbsp; explica Fred Proc\u00f3pio.<\/p>\n\n\n\n<p>A Comiss\u00e3o poder\u00e1 trabalhar normalmente, pois a Lei Complementar 173\/2020 pro\u00edbe apenas a realiza\u00e7\u00e3o de concursos para novas vagas e a mesma Lei no artigo 8\u00ba j\u00e1 determina como exce\u00e7\u00e3o os concursos para preenchimento de vac\u00e2ncias, conforme pede a indica\u00e7\u00e3o da C\u00e2mara Municipal. \u201cCriou-se um falso indicativo de proibi\u00e7\u00e3o de concursos p\u00fablicos at\u00e9 o final do ano. N\u00e3o podemos criar novos cargos, mas sim repor as vagas da educa\u00e7\u00e3o, sa\u00fade, assist\u00eancia social e de tantas outras secretarias que est\u00e3o em aberto\u201d, explica o vereador Yuri Moura.<\/p>\n","protected":false},"excerpt":{"rendered":"<p>Na sess\u00e3o plen\u00e1ria da \u00faltima quinta-feira (13), na C\u00e2mara Municipal, os vereadores aprovaram, por unanimidade,<\/p>\n","protected":false},"author":2,"featured_media":13391,"comment_status":"open","ping_status":"open","sticky":false,"template":"","format":"standard","meta":{"footnotes":""},"categories":[12],"tags":[],"class_list":["post-14483","post","type-post","status-publish","format-standard","has-post-thumbnail","hentry","category-cidade"],"_links":{"self":[{"href":"https:\/\/tvc16.com\/portal\/wp-json\/wp\/v2\/posts\/14483","targetHints":{"allow":["GET"]}}],"collection":[{"href":"https:\/\/tvc16.com\/portal\/wp-json\/wp\/v2\/posts"}],"about":[{"href":"https:\/\/tvc16.com\/portal\/wp-json\/wp\/v2\/types\/post"}],"author":[{"embeddable":true,"href":"https:\/\/tvc16.com\/portal\/wp-json\/wp\/v2\/users\/2"}],"replies":[{"embeddable":true,"href":"https:\/\/tvc16.com\/portal\/wp-json\/wp\/v2\/comments?post=14483"}],"version-history":[{"count":1,"href":"https:\/\/tvc16.com\/portal\/wp-json\/wp\/v2\/posts\/14483\/revisions"}],"predecessor-version":[{"id":14484,"href":"https:\/\/tvc16.com\/portal\/wp-json\/wp\/v2\/posts\/14483\/revisions\/14484"}],"wp:featuredmedia":[{"embeddable":true,"href":"https:\/\/tvc16.com\/portal\/wp-json\/wp\/v2\/media\/13391"}],"wp:attachment":[{"href":"https:\/\/tvc16.com\/portal\/wp-json\/wp\/v2\/media?parent=14483"}],"wp:term":[{"taxonomy":"category","embeddable":true,"href":"https:\/\/tvc16.com\/portal\/wp-json\/wp\/v2\/categories?post=14483"},{"taxonomy":"post_tag","embeddable":true,"href":"https:\/\/tvc16.com\/portal\/wp-json\/wp\/v2\/tags?post=14483"}],"curies":[{"name":"wp","href":"https:\/\/api.w.org\/{rel}","templated":true}]}}