{"id":1449,"date":"2020-09-28T13:50:09","date_gmt":"2020-09-28T13:50:09","guid":{"rendered":"https:\/\/tvc16.com\/portal\/?p=1449"},"modified":"2020-09-28T13:51:21","modified_gmt":"2020-09-28T13:51:21","slug":"pandemia-reduz-em-66-faturamento-do-turismo-no-amazonas","status":"publish","type":"post","link":"https:\/\/tvc16.com\/portal\/2020\/09\/28\/pandemia-reduz-em-66-faturamento-do-turismo-no-amazonas\/","title":{"rendered":"Pandemia reduz em 66% faturamento do turismo no Amazonas"},"content":{"rendered":"\n<p>O setor de turismo no Amazonas registrou uma queda de 66% no faturamento devido \u00e0s medidas de isolamento social adotadas em virtude da pandemia de covid-19. O setor registrou ainda redu\u00e7\u00e3o de 72% do faturamento das ag\u00eancias de turismo e de 70%, na \u00e1rea de hospedagens. Os dados fazem parte da Pesquisa-Raio X do Turismo Frente \u00e0 Covid-19, realizada no m\u00eas&nbsp;de abril, pela Rede Observat\u00f3rio de Turismo da Universidade do Amazonas em parceria com a Amazonastur para avaliar os efeitos da crise sanit\u00e1ria no turismo do estado.<img decoding=\"async\" src=\"https:\/\/agenciabrasil.ebc.com.br\/ebc.png?id=1389093&amp;o=node\"><img decoding=\"async\" src=\"https:\/\/agenciabrasil.ebc.com.br\/ebc.gif?id=1389093&amp;o=node\"><\/p>\n\n\n\n<p>A pesquisa destaca o m\u00eas&nbsp;de mar\u00e7o como o in\u00edcio do comprometimento nas finan\u00e7as de quem opera com o turismo. Naquele m\u00eas, 54,6% sentiram a queda do faturamento (por\u00e9m isso j\u00e1 havia ocorrido para 30,3% em fevereiro), 60,6% tiveram o cancelamento de reservas, 50% tiveram que reembolsar clientes, 51,5% tiveram adiamento de servi\u00e7os contratados e 53% tiveram servi\u00e7os cancelados.<\/p>\n\n\n\n<p>De acordo com a Funda\u00e7\u00e3o Amazonas Sustent\u00e1vel (FAS), a pandemia de covid-19 afetou duramente o turismo e outras atividades, como o artesanato e a pesca esportiva, acarretando em redu\u00e7\u00e3o da renda de pequenos e m\u00e9dios empreendedores do estado, que dependem principalmente do turismo e&nbsp;dos visitantes.<\/p>\n\n\n\n<p>Segundo os dados da FAS, os preju\u00edzos atingem v\u00e1rias \u00e1reas, como o&nbsp;baixo Rio Negro, que concentra algumas das principais pousadas da regi\u00e3o.<\/p>\n\n\n\n<p>Propriet\u00e1rio de uma pousada,&nbsp;Roberto Brito disse que as perdas com reservas e pacotes cancelados, entre mar\u00e7o e maio, quando n\u00e3o houve h\u00f3spedes, chegaram a quase R$ 64 mil. No mesmo per\u00edodo do ano passado, o faturamento foi de R$ 51 mil. \u201cEssa \u00e9 a pior crise que eu j\u00e1 tive como empreendedor e como morador ribeirinho\u201d, disse Brito.<\/p>\n\n\n\n<p>Na Reserva de Desenvolvimento Sustent\u00e1vel (RDS) do Uatum\u00e3, as perdas das pousadas esportivas devem acumular R$ 2 milh\u00f5es em cancelamentos neste ano. Grupos que vivem da venda de artesanatos de madeiras, fibras, sementes, pedras e cip\u00f3s coletados na floresta no RDS do Rio Negro, deixaram de comercializar pelo menos R$ 8,5 mil entre mar\u00e7o e maio.<\/p>\n\n\n\n<h2 class=\"wp-block-heading\">Alian\u00e7a<\/h2>\n\n\n\n<p>Para ajudar a popula\u00e7\u00e3o que depende da cadeia do turismo para viver, a FAS criou a Alian\u00e7a dos Povos Ind\u00edgenas e Popula\u00e7\u00f5es Tradicionais e Organiza\u00e7\u00f5es Parceiras do Amazonas para o Enfrentamento do Coronav\u00edrus. O grupo funciona com o apoio de 69 parceiros, entre institui\u00e7\u00f5es p\u00fablicas e privadas, empresas e prefeituras. Os recursos arrecadados pela articula\u00e7\u00e3o s\u00e3o utilizados para atender \u00e0s&nbsp;particularidades de cada regi\u00e3o do Amazonas no combate \u00e0 covid-19.<\/p>\n\n\n\n<p>\u201cA Alian\u00e7a foi criada no auge da pandemia no Amazonas com a finalidade de&nbsp;enfrentar a&nbsp;covid-19&nbsp;com a\u00e7\u00f5es emergenciais, como a&nbsp;doa\u00e7\u00e3o de alimentos&nbsp;e&nbsp;a\u00e7\u00f5es pontuais de sa\u00fade. Grande parte das comunidades do Amazonas ficaram isoladas tanto pela dist\u00e2ncia quanto&nbsp;pelo medo do&nbsp;cont\u00e1gio do v\u00edrus&nbsp;e o necess\u00e1rio&nbsp;isolamento.&nbsp;A&nbsp;Alian\u00e7a veio para atenuar dando suporte para as comunidades ribeirinhas, ind\u00edgenas e popula\u00e7\u00f5es tradicionais. Isso foi fundamental para ajudar essas comunidades que precisavam de apoio\u201d, disse o coordenador de empreendedorismo da FAS, Wildney Mour\u00e3o.<\/p>\n\n\n\n<h2 class=\"wp-block-heading\">Campanha<\/h2>\n\n\n\n<p>Como alternativa, em setembro, foi lan\u00e7ada uma campanha para divulgar o retorno gradual do turismo local. S\u00e3o filmes exibidos nas redes sociais contando a hist\u00f3ria de cada pousada e mostrando o caminho para chegar at\u00e9 elas.<\/p>\n\n\n\n<p>Segundo Mour\u00e3o, a campanha tem funcionado e a demanda,&nbsp;aumentado. As comunidades t\u00eam tentado converter isso em venda e reservas de pacotes. \u201cObviamente que a covid-19 est\u00e1 presente e isso tem sido um grande desafio, ao equilibrar a sa\u00fade e a vida das pessoas da comunidade com a presen\u00e7a de turistas\u201d.<\/p>\n\n\n\n<p>A ideia \u00e9 aproveitar o chamado Ver\u00e3o Amaz\u00f4nico, iniciado em setembro,&nbsp;e investir no turismo&nbsp;dom\u00e9stico, chamando&nbsp;o pr\u00f3prio amazonense e&nbsp;o&nbsp;nortista a olhar para a regi\u00e3o com mais orgulho, valorizando os destinos pr\u00f3ximos.<\/p>\n\n\n\n<p>\u201c\u00c9 importante que o amazonense e o nortista olhe para isso e consiga reconhecer valor nas experi\u00eancias na floresta, nos rios, com as pessoas, com a viv\u00eancia amaz\u00f4nica para que isso tudo possa ser convertido&nbsp;em valor\u201d, explicou.<\/p>\n\n\n\n<p>Por Fl\u00e1via Albuquerque \u2013 Rep\u00f3rter da Ag\u00eancia Brasil &#8211; S\u00e3o Paulo<\/p>\n\n\n\n<p>Edi\u00e7\u00e3o: L\u00edlian Beraldo<\/p>\n","protected":false},"excerpt":{"rendered":"<p>O setor de turismo no Amazonas registrou uma queda de 66% no faturamento devido \u00e0s<\/p>\n","protected":false},"author":2,"featured_media":1450,"comment_status":"open","ping_status":"open","sticky":false,"template":"","format":"standard","meta":{"footnotes":""},"categories":[17],"tags":[],"class_list":["post-1449","post","type-post","status-publish","format-standard","has-post-thumbnail","hentry","category-outras-noticias"],"_links":{"self":[{"href":"https:\/\/tvc16.com\/portal\/wp-json\/wp\/v2\/posts\/1449","targetHints":{"allow":["GET"]}}],"collection":[{"href":"https:\/\/tvc16.com\/portal\/wp-json\/wp\/v2\/posts"}],"about":[{"href":"https:\/\/tvc16.com\/portal\/wp-json\/wp\/v2\/types\/post"}],"author":[{"embeddable":true,"href":"https:\/\/tvc16.com\/portal\/wp-json\/wp\/v2\/users\/2"}],"replies":[{"embeddable":true,"href":"https:\/\/tvc16.com\/portal\/wp-json\/wp\/v2\/comments?post=1449"}],"version-history":[{"count":2,"href":"https:\/\/tvc16.com\/portal\/wp-json\/wp\/v2\/posts\/1449\/revisions"}],"predecessor-version":[{"id":1452,"href":"https:\/\/tvc16.com\/portal\/wp-json\/wp\/v2\/posts\/1449\/revisions\/1452"}],"wp:featuredmedia":[{"embeddable":true,"href":"https:\/\/tvc16.com\/portal\/wp-json\/wp\/v2\/media\/1450"}],"wp:attachment":[{"href":"https:\/\/tvc16.com\/portal\/wp-json\/wp\/v2\/media?parent=1449"}],"wp:term":[{"taxonomy":"category","embeddable":true,"href":"https:\/\/tvc16.com\/portal\/wp-json\/wp\/v2\/categories?post=1449"},{"taxonomy":"post_tag","embeddable":true,"href":"https:\/\/tvc16.com\/portal\/wp-json\/wp\/v2\/tags?post=1449"}],"curies":[{"name":"wp","href":"https:\/\/api.w.org\/{rel}","templated":true}]}}