{"id":14491,"date":"2021-05-15T08:00:00","date_gmt":"2021-05-15T11:00:00","guid":{"rendered":"https:\/\/tvc16.com\/portal\/?p=14491"},"modified":"2021-05-14T18:03:30","modified_gmt":"2021-05-14T21:03:30","slug":"covid-19-mortes-continuam-a-cair-e-casos-oscilam-positivamente","status":"publish","type":"post","link":"https:\/\/tvc16.com\/portal\/2021\/05\/15\/covid-19-mortes-continuam-a-cair-e-casos-oscilam-positivamente\/","title":{"rendered":"Covid-19: mortes continuam a cair e casos oscilam positivamente"},"content":{"rendered":"\n<h3 class=\"wp-block-heading\">M\u00e9dia m\u00f3vel de mortes ficou em 2.126 na semana epidemiol\u00f3gica 18<\/h3>\n\n\n\n<h4 class=\"wp-block-heading\">Por Jonas Valente &#8211; Rep\u00f3rter Ag\u00eancia Brasil &#8211; Bras\u00edlia<\/h4>\n\n\n\n<p>A curva de mortes por covid-19 continuou&nbsp;na semana epidemiol\u00f3gica (SE) 18, de 2 a 8 de maio, a mesma trajet\u00f3ria de queda da semana anterior, conforme o novo Boletim Epidemiol\u00f3gico do Minist\u00e9rio da Sa\u00fade. No boletim divulgado hoje (14), foram registrados 14.879 \u00f3bitos, enquanto na semana anterior o levantamento trouxe 16.945 vidas perdidas para a doen\u00e7a.<img decoding=\"async\" src=\"https:\/\/agenciabrasil.ebc.com.br\/ebc.png?id=1409737&amp;o=node\"><img decoding=\"async\" src=\"https:\/\/agenciabrasil.ebc.com.br\/ebc.gif?id=1409737&amp;o=node\"><\/p>\n\n\n\n<p>O resultado representa uma queda de 12% entre as duas semanas epidemiol\u00f3gicas. Especialistas consideram as varia\u00e7\u00f5es de at\u00e9 15% como quadros de estabilidade. Na semana anterior a redu\u00e7\u00e3o havia sido de 5%. A m\u00e9dia m\u00f3vel de mortes (total de vidas perdidas durante a semana dividida pelo n\u00famero de dias) na semana epidemiol\u00f3gica 18 ficou em 2.126.<\/p>\n\n\n\n<p>A curva de mortes durante a pandemia segue o movimento de revers\u00e3o da tend\u00eancia de alta da 2\u00aa onda registrada neste ano, iniciada por um aumento intenso a partir do fim do m\u00eas de fevereiro. A inflex\u00e3o teve in\u00edcio na semana epidemiol\u00f3gica 14, na 1\u00aa quinzena de abril.<\/p>\n\n\n\n<p>Os boletins epidemiol\u00f3gicos do Minist\u00e9rio da Sa\u00fade sobre o novo coronav\u00edrus re\u00fanem a avalia\u00e7\u00e3o da pasta sobre a evolu\u00e7\u00e3o da pandemia, considerando as semanas epidemiol\u00f3gicas e o tipo de media\u00e7\u00e3o empregada por autoridades de sa\u00fade para essas situa\u00e7\u00f5es. A semana epidemiol\u00f3gica \u00e9 um recorte temporal adotado por autoridades de sa\u00fade para analisar esses movimentos.<\/p>\n\n\n\n<figure class=\"wp-block-image\"><img decoding=\"async\" src=\"https:\/\/imagens.ebc.com.br\/n-gD6BcQK6KlN-CUNjM_tvYsXE8=\/754x0\/smart\/https:\/\/agenciabrasil.ebc.com.br\/sites\/default\/files\/thumbnails\/image\/grafico_2_pg_9_obitos_covid-19.jpg?itok=CuOqwq2H\" alt=\"Distribui\u00e7\u00e3o dos novos registros de \u00f3bitos (A) por covid-19 por semana epidemiol\u00f3gica de notifica\u00e7\u00e3o. Brasil, 2020-21.\" title=\"Divulga\u00e7\u00e3o\/Minist\u00e9rio da Sa\u00fade\"\/><\/figure>\n\n\n\n<h6 class=\"wp-block-heading\">Distribui\u00e7\u00e3o dos novos registros de \u00f3bitos (A) por covid-19 por semana epidemiol\u00f3gica de notifica\u00e7\u00e3o. Brasil, 2020-21. &#8211;&nbsp;<strong>Divulga\u00e7\u00e3o\/Minist\u00e9rio da Sa\u00fade<\/strong><\/h6>\n\n\n\n<p>O n\u00famero de novos casos oscilou 1% para cima. Na SE 18 foram registrados 419.904 novos diagn\u00f3sticos positivos da covid-19, contra 417.760 na semana anterior. A m\u00e9dia m\u00f3vel de casos ficou em 59.986.<\/p>\n\n\n\n<p>O resultado da SE 18 marcou um avan\u00e7o na tend\u00eancia de revers\u00e3o do movimento de queda da curva de casos, j\u00e1 iniciada na semana anterior. A redu\u00e7\u00e3o dos novos diagn\u00f3sticos positivos de covid-19 foi iniciada em mar\u00e7o, apenas com um rev\u00e9s na SE 13.&nbsp;&nbsp;<\/p>\n\n\n\n<figure class=\"wp-block-image\"><img decoding=\"async\" src=\"https:\/\/imagens.ebc.com.br\/1EXkg2MtN4Ws44_mXmCTk7RUXbs=\/754x0\/smart\/https:\/\/agenciabrasil.ebc.com.br\/sites\/default\/files\/thumbnails\/image\/grafico_2_pg_8_casos_covid-19.jpg?itok=lKDK3iVc\" alt=\"Distribui\u00e7\u00e3o dos novos registros de casos por covid-19 por semana epidemiol\u00f3gica de notifica\u00e7\u00e3o. Brasil, 2020-21.\" title=\"Divulga\u00e7\u00e3o\/Minist\u00e9rio da Sa\u00fade\"\/><\/figure>\n\n\n\n<h6 class=\"wp-block-heading\">Distribui\u00e7\u00e3o dos novos registros de casos por covid-19 por semana epidemiol\u00f3gica de notifica\u00e7\u00e3o. Brasil, 2020-21. &#8211;&nbsp;<strong>Divulga\u00e7\u00e3o\/Minist\u00e9rio da Sa\u00fade<\/strong><\/h6>\n\n\n\n<h2 class=\"wp-block-heading\">Estados<\/h2>\n\n\n\n<p>Conforme o boletim epidemiol\u00f3gico, o n\u00famero de estados com aumento nos novos casos ficou em tr\u00eas na semana epidemiol\u00f3gica 18, 15 ficaram est\u00e1veis e oito mais o Distrito Federal tiveram redu\u00e7\u00e3o. Os acr\u00e9scimos mais efetivos ocorreram no Rio de Janeiro (79%) e Piau\u00ed (31%). J\u00e1 as quedas mais intensas se deram no Rio Grande do Sul (-13%) e Esp\u00edrito Santo (-13%).<\/p>\n\n\n\n<p>Quando consideradas as mortes, o n\u00famero de estados com queda das curvas foi de 19 mais o DF, seis ficaram est\u00e1veis e apenas um teve acr\u00e9scimo em rela\u00e7\u00e3o ao balan\u00e7o da semana anterior. As quedas mais expressivas aconteceram no Par\u00e1 (-33%) e no Amazonas (-32%). O aumento ocorreu no Paran\u00e1 (13%)<\/p>\n\n\n\n<h2 class=\"wp-block-heading\">Mundo<\/h2>\n\n\n\n<p>A \u00cdndia ampliou sua lideran\u00e7a como pa\u00eds com mais novas mortes em todo o mundo, a partir da explos\u00e3o da pandemia no local. L\u00e1 foram registrados 26.805 novos \u00f3bitos. O Brasil mant\u00e9m a 2\u00aa coloca\u00e7\u00e3o. Em seguida, v\u00eam Estados Unidos (4.614), Col\u00f4mbia (3.367) e Argentina (2.946). Quando considerados n\u00fameros absolutos desde o in\u00edcio da pandemia, o Brasil segue na 2\u00aa posi\u00e7\u00e3o, atr\u00e1s dos Estados Unidos (576.722).<\/p>\n\n\n\n<figure class=\"wp-block-image\"><img decoding=\"async\" src=\"https:\/\/imagens.ebc.com.br\/THkBiS9i-AiSYWZ9INh10kFRwXE=\/754x0\/smart\/https:\/\/agenciabrasil.ebc.com.br\/sites\/default\/files\/thumbnails\/image\/grafico_2_pg_6_obitos_covid-19.jpg?itok=b5cDLwNb\" alt=\"Evolu\u00e7\u00e3o do n\u00famero de novos \u00f3bitos confirmados de covid-19 por semana epidemiol\u00f3gica, segundo pa\u00edses com maior n\u00famero de \u00f3bitos.\" title=\"Divulga\u00e7\u00e3o\/Minist\u00e9rio da Sa\u00fade\"\/><\/figure>\n\n\n\n<h6 class=\"wp-block-heading\">Evolu\u00e7\u00e3o do n\u00famero de novos \u00f3bitos confirmados de covid-19 por semana epidemiol\u00f3gica, segundo pa\u00edses com maior n\u00famero de \u00f3bitos. &#8211;&nbsp;<strong>Divulga\u00e7\u00e3o\/Minist\u00e9rio da Sa\u00fade<\/strong><\/h6>\n\n\n\n<p>O Brasil ocupou a 2\u00aa coloca\u00e7\u00e3o no ranking de casos. A lideran\u00e7a continuou com a \u00cdndia, que teve 2.738.624 novos diagn\u00f3sticos no per\u00edodo. O Brasil \u00e9 seguido por Estados Unidos (294.084), Turquia (166.733) e Argentina (142.293). Na compara\u00e7\u00e3o em n\u00fameros absolutos, o Brasil fica na 3\u00aa posi\u00e7\u00e3o, atr\u00e1s dos EUA (32,6 milh\u00f5es) e \u00cdndia (22,2 milh\u00f5es).<\/p>\n\n\n\n<figure class=\"wp-block-image\"><img decoding=\"async\" src=\"https:\/\/imagens.ebc.com.br\/2YlT7jJnAO9VOtEKO5jq1bLL8VA=\/754x0\/smart\/https:\/\/agenciabrasil.ebc.com.br\/sites\/default\/files\/thumbnails\/image\/grafico_1_pg_6_evolucao_covid-19.jpg?itok=JTQOLyAP\" alt=\"Evolu\u00e7\u00e3o do n\u00famero de novos casos confirmados de covid-19 por semana epidemiol\u00f3gica, segundo pa\u00edses com maior n\u00famero de casos.\" title=\"Divulga\u00e7\u00e3o\/Minist\u00e9rio da Sa\u00fade\"\/><\/figure>\n\n\n\n<h6 class=\"wp-block-heading\">Evolu\u00e7\u00e3o do n\u00famero de novos casos confirmados de covid-19 por semana epidemiol\u00f3gica, segundo pa\u00edses com maior n\u00famero de casos. &#8211;&nbsp;<strong>Divulga\u00e7\u00e3o\/Minist\u00e9rio da Sa\u00fade<\/strong><\/h6>\n\n\n\n<p>Edi\u00e7\u00e3o: Aline Leal<\/p>\n","protected":false},"excerpt":{"rendered":"<p>M\u00e9dia m\u00f3vel de mortes ficou em 2.126 na semana epidemiol\u00f3gica 18 Por Jonas Valente &#8211;<\/p>\n","protected":false},"author":2,"featured_media":14492,"comment_status":"open","ping_status":"open","sticky":false,"template":"","format":"standard","meta":{"footnotes":""},"categories":[17],"tags":[],"class_list":["post-14491","post","type-post","status-publish","format-standard","has-post-thumbnail","hentry","category-outras-noticias"],"_links":{"self":[{"href":"https:\/\/tvc16.com\/portal\/wp-json\/wp\/v2\/posts\/14491","targetHints":{"allow":["GET"]}}],"collection":[{"href":"https:\/\/tvc16.com\/portal\/wp-json\/wp\/v2\/posts"}],"about":[{"href":"https:\/\/tvc16.com\/portal\/wp-json\/wp\/v2\/types\/post"}],"author":[{"embeddable":true,"href":"https:\/\/tvc16.com\/portal\/wp-json\/wp\/v2\/users\/2"}],"replies":[{"embeddable":true,"href":"https:\/\/tvc16.com\/portal\/wp-json\/wp\/v2\/comments?post=14491"}],"version-history":[{"count":1,"href":"https:\/\/tvc16.com\/portal\/wp-json\/wp\/v2\/posts\/14491\/revisions"}],"predecessor-version":[{"id":14493,"href":"https:\/\/tvc16.com\/portal\/wp-json\/wp\/v2\/posts\/14491\/revisions\/14493"}],"wp:featuredmedia":[{"embeddable":true,"href":"https:\/\/tvc16.com\/portal\/wp-json\/wp\/v2\/media\/14492"}],"wp:attachment":[{"href":"https:\/\/tvc16.com\/portal\/wp-json\/wp\/v2\/media?parent=14491"}],"wp:term":[{"taxonomy":"category","embeddable":true,"href":"https:\/\/tvc16.com\/portal\/wp-json\/wp\/v2\/categories?post=14491"},{"taxonomy":"post_tag","embeddable":true,"href":"https:\/\/tvc16.com\/portal\/wp-json\/wp\/v2\/tags?post=14491"}],"curies":[{"name":"wp","href":"https:\/\/api.w.org\/{rel}","templated":true}]}}