{"id":14494,"date":"2021-05-15T18:00:00","date_gmt":"2021-05-15T21:00:00","guid":{"rendered":"https:\/\/tvc16.com\/portal\/?p=14494"},"modified":"2021-05-14T18:05:01","modified_gmt":"2021-05-14T21:05:01","slug":"pix-cobranca-que-substituira-boletos-comecou-a-funcionar-nesta-sexta-feira","status":"publish","type":"post","link":"https:\/\/tvc16.com\/portal\/2021\/05\/15\/pix-cobranca-que-substituira-boletos-comecou-a-funcionar-nesta-sexta-feira\/","title":{"rendered":"Pix Cobran\u00e7a, que substituir\u00e1 boletos, come\u00e7ou a funcionar nesta sexta-feira"},"content":{"rendered":"\n<h3 class=\"wp-block-heading\">Agendamento s\u00f3 ser\u00e1 permitido a partir de julho<\/h3>\n\n\n\n<h4 class=\"wp-block-heading\">Por Wellton M\u00e1ximo \u2013 Rep\u00f3rter da Ag\u00eancia Brasil &#8211; Bras\u00edlia<\/h4>\n\n\n\n<p>Desde esta sexta-feira (14), os bancos e as demais institui\u00e7\u00f5es financeiras que aderiram ao Pix, servi\u00e7o de pagamento instant\u00e2neo do Banco Central (BC), passaram a oferecer o Pix Cobran\u00e7a. Semelhante ao boleto banc\u00e1rio, esse servi\u00e7o permite o pagamento imediato a empresas e prestadores de servi\u00e7os por meio do c\u00f3digo QR (vers\u00e3o avan\u00e7ada do c\u00f3digo de barras).<img decoding=\"async\" src=\"https:\/\/agenciabrasil.ebc.com.br\/ebc.png?id=1409735&amp;o=node\"><img decoding=\"async\" src=\"https:\/\/agenciabrasil.ebc.com.br\/ebc.gif?id=1409735&amp;o=node\"><\/p>\n\n\n\n<p>Assim como no boleto banc\u00e1rio, o Pix Cobran\u00e7a permitir\u00e1 a inclus\u00e3o de juros, multas e descontos. Bastar\u00e1 o cliente abrir o aplicativo da institui\u00e7\u00e3o financeira, fotografar o c\u00f3digo QR com a c\u00e2mera do celular e fazer o pagamento pelo Pix com a data atual, com encargos e abatimentos calculados.<\/p>\n\n\n\n<p>Por enquanto, o servi\u00e7o n\u00e3o permitir\u00e1 agendar vencimentos futuros. Alegando necessidade de tempo para as institui\u00e7\u00f5es financeiras se adaptarem, o BC adiou o agendamento para datas futuras. Essa funcionalidade s\u00f3 entrar\u00e1 em vigor em 1\u00ba de julho.<\/p>\n\n\n\n<h2 class=\"wp-block-heading\">Alta ades\u00e3o<\/h2>\n\n\n\n<p>Neste domingo (16), o Pix completar\u00e1 seis meses de opera\u00e7\u00e3o. At\u00e9 o fim de abril, segundo os dados mais recentes do Banco Central, o Pix tinha movimentado R$ 951 trilh\u00f5es em 1 trilh\u00e3o de transa\u00e7\u00f5es. At\u00e9 o m\u00eas passado, o sistema de pagamentos instant\u00e2neo tinha 82 milh\u00f5es de pessoas f\u00edsicas e 5,4 milh\u00f5es de pessoas jur\u00eddicas cadastradas.<\/p>\n\n\n\n<p>Entre as pessoas f\u00edsicas, 73% dos cadastrados usaram o Pix pelo menos uma vez. Entre as pessoas jur\u00eddicas, a ades\u00e3o chegou a 85%.<\/p>\n\n\n\n<p>Edi\u00e7\u00e3o: Fernando Fraga<\/p>\n","protected":false},"excerpt":{"rendered":"<p>Agendamento s\u00f3 ser\u00e1 permitido a partir de julho Por Wellton M\u00e1ximo \u2013 Rep\u00f3rter da Ag\u00eancia<\/p>\n","protected":false},"author":2,"featured_media":14495,"comment_status":"open","ping_status":"open","sticky":false,"template":"","format":"standard","meta":{"footnotes":""},"categories":[17],"tags":[],"class_list":["post-14494","post","type-post","status-publish","format-standard","has-post-thumbnail","hentry","category-outras-noticias"],"_links":{"self":[{"href":"https:\/\/tvc16.com\/portal\/wp-json\/wp\/v2\/posts\/14494","targetHints":{"allow":["GET"]}}],"collection":[{"href":"https:\/\/tvc16.com\/portal\/wp-json\/wp\/v2\/posts"}],"about":[{"href":"https:\/\/tvc16.com\/portal\/wp-json\/wp\/v2\/types\/post"}],"author":[{"embeddable":true,"href":"https:\/\/tvc16.com\/portal\/wp-json\/wp\/v2\/users\/2"}],"replies":[{"embeddable":true,"href":"https:\/\/tvc16.com\/portal\/wp-json\/wp\/v2\/comments?post=14494"}],"version-history":[{"count":1,"href":"https:\/\/tvc16.com\/portal\/wp-json\/wp\/v2\/posts\/14494\/revisions"}],"predecessor-version":[{"id":14496,"href":"https:\/\/tvc16.com\/portal\/wp-json\/wp\/v2\/posts\/14494\/revisions\/14496"}],"wp:featuredmedia":[{"embeddable":true,"href":"https:\/\/tvc16.com\/portal\/wp-json\/wp\/v2\/media\/14495"}],"wp:attachment":[{"href":"https:\/\/tvc16.com\/portal\/wp-json\/wp\/v2\/media?parent=14494"}],"wp:term":[{"taxonomy":"category","embeddable":true,"href":"https:\/\/tvc16.com\/portal\/wp-json\/wp\/v2\/categories?post=14494"},{"taxonomy":"post_tag","embeddable":true,"href":"https:\/\/tvc16.com\/portal\/wp-json\/wp\/v2\/tags?post=14494"}],"curies":[{"name":"wp","href":"https:\/\/api.w.org\/{rel}","templated":true}]}}