{"id":14504,"date":"2021-05-15T21:16:09","date_gmt":"2021-05-16T00:16:09","guid":{"rendered":"https:\/\/tvc16.com\/portal\/?p=14504"},"modified":"2021-05-15T21:16:11","modified_gmt":"2021-05-16T00:16:11","slug":"a-secretaria-de-saude-retomou-neste-sabado-15-a-vacinacao-contra-a-covid-19-de-gestantes-e-puerperas-maiores-de-18-anos-com-comorbidades-que-moram-em-petropolis","status":"publish","type":"post","link":"https:\/\/tvc16.com\/portal\/2021\/05\/15\/a-secretaria-de-saude-retomou-neste-sabado-15-a-vacinacao-contra-a-covid-19-de-gestantes-e-puerperas-maiores-de-18-anos-com-comorbidades-que-moram-em-petropolis\/","title":{"rendered":"A Secretaria de Sa\u00fade retomou neste s\u00e1bado (15), a vacina\u00e7\u00e3o contra a covid-19 de gestantes e pu\u00e9rperas maiores de 18 anos com comorbidades, que moram em Petr\u00f3polis"},"content":{"rendered":"\n<p><\/p>\n\n\n\n<p>A a\u00e7\u00e3o foi poss\u00edvel com a chegada de pouco mais de 200 doses da CoronaVac ao munic\u00edpio. As doses foram enviadas pelo Estado para atender exclusivamente este p\u00fablico. A aplica\u00e7\u00e3o da vacina da AstraZeneca em gestantes e pu\u00e9rperas foi suspensa preventivamente pela Secretaria Municipal de Sa\u00fade nesta semana, por recomenda\u00e7\u00e3o da Anvisa e da Secretaria de Estado de Sa\u00fade. A partir de agora, a vacina\u00e7\u00e3o para estes dois p\u00fablicos &#8211; com a CoronaVac &#8211; ser\u00e1 concentrada em dois pontos: o campus da UCP na Rua Benjamin Constant (Centro), e o Parque Municipal, em Itaipava. Nos dois pontos a vacina produzida pelo Butantan tamb\u00e9m est\u00e1 dispon\u00edvel para a aplica\u00e7\u00e3o de segunda dose em pessoas que por algum motivo perderam o prazo para concluir a imuniza\u00e7\u00e3o.<\/p>\n\n\n\n<p>Para receber a vacina, basta laudo ou comprovante m\u00e9dico confirmando a gesta\u00e7\u00e3o ou puerp\u00e9rio, bem como laudo ou receita m\u00e9dica que comprove o tipo de comorbidade. Tamb\u00e9m \u00e9 indicado apresentar o cart\u00e3o de vacina\u00e7\u00e3o.<\/p>\n\n\n\n<p>A Secretaria de Sa\u00fade frisa que aquelas que se vacinaram contra a influenza (gripe) devem respeitar o per\u00edodo de intervalo entre uma vacina e outra.<\/p>\n","protected":false},"excerpt":{"rendered":"<p>A a\u00e7\u00e3o foi poss\u00edvel com a chegada de pouco mais de 200 doses da CoronaVac<\/p>\n","protected":false},"author":2,"featured_media":14505,"comment_status":"open","ping_status":"open","sticky":false,"template":"","format":"standard","meta":{"footnotes":""},"categories":[12],"tags":[],"class_list":["post-14504","post","type-post","status-publish","format-standard","has-post-thumbnail","hentry","category-cidade"],"_links":{"self":[{"href":"https:\/\/tvc16.com\/portal\/wp-json\/wp\/v2\/posts\/14504","targetHints":{"allow":["GET"]}}],"collection":[{"href":"https:\/\/tvc16.com\/portal\/wp-json\/wp\/v2\/posts"}],"about":[{"href":"https:\/\/tvc16.com\/portal\/wp-json\/wp\/v2\/types\/post"}],"author":[{"embeddable":true,"href":"https:\/\/tvc16.com\/portal\/wp-json\/wp\/v2\/users\/2"}],"replies":[{"embeddable":true,"href":"https:\/\/tvc16.com\/portal\/wp-json\/wp\/v2\/comments?post=14504"}],"version-history":[{"count":1,"href":"https:\/\/tvc16.com\/portal\/wp-json\/wp\/v2\/posts\/14504\/revisions"}],"predecessor-version":[{"id":14506,"href":"https:\/\/tvc16.com\/portal\/wp-json\/wp\/v2\/posts\/14504\/revisions\/14506"}],"wp:featuredmedia":[{"embeddable":true,"href":"https:\/\/tvc16.com\/portal\/wp-json\/wp\/v2\/media\/14505"}],"wp:attachment":[{"href":"https:\/\/tvc16.com\/portal\/wp-json\/wp\/v2\/media?parent=14504"}],"wp:term":[{"taxonomy":"category","embeddable":true,"href":"https:\/\/tvc16.com\/portal\/wp-json\/wp\/v2\/categories?post=14504"},{"taxonomy":"post_tag","embeddable":true,"href":"https:\/\/tvc16.com\/portal\/wp-json\/wp\/v2\/tags?post=14504"}],"curies":[{"name":"wp","href":"https:\/\/api.w.org\/{rel}","templated":true}]}}