{"id":14510,"date":"2021-05-15T21:39:14","date_gmt":"2021-05-16T00:39:14","guid":{"rendered":"https:\/\/tvc16.com\/portal\/?p=14510"},"modified":"2021-05-15T21:39:16","modified_gmt":"2021-05-16T00:39:16","slug":"auxilio-emergencial-calendario-da-segunda-parcela-e-antecipado","status":"publish","type":"post","link":"https:\/\/tvc16.com\/portal\/2021\/05\/15\/auxilio-emergencial-calendario-da-segunda-parcela-e-antecipado\/","title":{"rendered":"Aux\u00edlio emergencial: calend\u00e1rio da segunda parcela \u00e9 antecipado"},"content":{"rendered":"\n<p>Nova data finaliza o ciclo em 30 de maio para nascidos em dezembro. Saques devem encerrar em 17 de junho<\/p>\n\n\n\n<p>A CAIXA anunciou a antecipa\u00e7\u00e3o do calend\u00e1rio da segunda parcela do Aux\u00edlio Emergencial 2021. O novo calend\u00e1rio tem in\u00edcio no dia 16 de maio, com cr\u00e9dito para os nascidos em janeiro, e finaliza no dia 30 de maio para os nascidos em dezembro. J\u00e1 em rela\u00e7\u00e3o aos saques dos benef\u00edcios, inicialmente previsto para encerrar em 8 de julho, ter\u00e1 agora o encerramento no dia 17 de junho para os nascidos em dezembro.<\/p>\n\n\n\n<p>Os cr\u00e9ditos do aux\u00edlio s\u00e3o depositados por meio da conta digital e atrav\u00e9s do aplicativo Caixa Tem, \u00e9 poss\u00edvel realizar o pagamento de boletos, contas dom\u00e9sticas ou realizar compras em lojas virtuais. Ap\u00f3s o prazo informado pelo calend\u00e1rio, a quantia pode ser sacada sem custos.<\/p>\n\n\n\n<p>J\u00e1 os benefici\u00e1rios do Bolsa Fam\u00edlia continuam a receber o Aux\u00edlio Emergencial 2021 da mesma forma e nas mesmas datas do benef\u00edcio regular. Os recursos tamb\u00e9m podem ser movimentados pelo aplicativo Caixa Tem ou sacados por meio do Cart\u00e3o Bolsa Fam\u00edlia ou Cart\u00e3o Cidad\u00e3o.<\/p>\n\n\n\n<p>Para mais informa\u00e7\u00f5es, acesse o site <a href=\"https:\/\/auxilio.caixa.gov.br\/#\/inicio\">auxilio.caixa.gov.br<\/a><\/p>\n\n\n\n<p>Fonte: <a href=\"https:\/\/brasil61.com\/n\/auxilio-emergencial-calendario-da-segunda-parcela-e-antecipado-bras214976?email=bethdeoliveira@yahoo.com.br&amp;utm_source=newsletter&amp;utm_medium=newsletter&amp;utm_campaign=newsletter\" target=\"_blank\" rel=\"noreferrer noopener\">Brasil 61<\/a><\/p>\n","protected":false},"excerpt":{"rendered":"<p>Nova data finaliza o ciclo em 30 de maio para nascidos em dezembro. Saques devem<\/p>\n","protected":false},"author":2,"featured_media":14511,"comment_status":"open","ping_status":"open","sticky":false,"template":"","format":"standard","meta":{"footnotes":""},"categories":[17],"tags":[],"class_list":["post-14510","post","type-post","status-publish","format-standard","has-post-thumbnail","hentry","category-outras-noticias"],"_links":{"self":[{"href":"https:\/\/tvc16.com\/portal\/wp-json\/wp\/v2\/posts\/14510","targetHints":{"allow":["GET"]}}],"collection":[{"href":"https:\/\/tvc16.com\/portal\/wp-json\/wp\/v2\/posts"}],"about":[{"href":"https:\/\/tvc16.com\/portal\/wp-json\/wp\/v2\/types\/post"}],"author":[{"embeddable":true,"href":"https:\/\/tvc16.com\/portal\/wp-json\/wp\/v2\/users\/2"}],"replies":[{"embeddable":true,"href":"https:\/\/tvc16.com\/portal\/wp-json\/wp\/v2\/comments?post=14510"}],"version-history":[{"count":1,"href":"https:\/\/tvc16.com\/portal\/wp-json\/wp\/v2\/posts\/14510\/revisions"}],"predecessor-version":[{"id":14512,"href":"https:\/\/tvc16.com\/portal\/wp-json\/wp\/v2\/posts\/14510\/revisions\/14512"}],"wp:featuredmedia":[{"embeddable":true,"href":"https:\/\/tvc16.com\/portal\/wp-json\/wp\/v2\/media\/14511"}],"wp:attachment":[{"href":"https:\/\/tvc16.com\/portal\/wp-json\/wp\/v2\/media?parent=14510"}],"wp:term":[{"taxonomy":"category","embeddable":true,"href":"https:\/\/tvc16.com\/portal\/wp-json\/wp\/v2\/categories?post=14510"},{"taxonomy":"post_tag","embeddable":true,"href":"https:\/\/tvc16.com\/portal\/wp-json\/wp\/v2\/tags?post=14510"}],"curies":[{"name":"wp","href":"https:\/\/api.w.org\/{rel}","templated":true}]}}