{"id":14519,"date":"2021-05-16T06:05:07","date_gmt":"2021-05-16T09:05:07","guid":{"rendered":"https:\/\/tvc16.com\/portal\/?p=14519"},"modified":"2021-05-16T06:05:09","modified_gmt":"2021-05-16T09:05:09","slug":"covid-19-pais-tem-155-milhoes-de-casos-acumulados-e-4347-mil-mortes","status":"publish","type":"post","link":"https:\/\/tvc16.com\/portal\/2021\/05\/16\/covid-19-pais-tem-155-milhoes-de-casos-acumulados-e-4347-mil-mortes\/","title":{"rendered":"Covid-19: pa\u00eds tem 15,5 milh\u00f5es de casos acumulados e 434,7 mil mortes"},"content":{"rendered":"\n<p>O balan\u00e7o divulgado neste s\u00e1bado (15) pelo Minist\u00e9rio da Sa\u00fade registra 67.009 novos diagn\u00f3sticos de covid-19 em 24 horas. Esse dado eleva para 15.586.534 o n\u00famero de pessoas infectadas pela doen\u00e7a desde o in\u00edcio da pandemia no pa\u00eds.<img decoding=\"async\" src=\"https:\/\/agenciabrasil.ebc.com.br\/ebc.png?id=1409808&amp;o=node\"><img decoding=\"async\" src=\"https:\/\/agenciabrasil.ebc.com.br\/ebc.gif?id=1409808&amp;o=node\"><\/p>\n\n\n\n<figure class=\"wp-block-image\"><img decoding=\"async\" src=\"https:\/\/imagens.ebc.com.br\/gWXdLEKmikWF6O_E4Ymla1ZvhK8=\/754x0\/smart\/https:\/\/agenciabrasil.ebc.com.br\/sites\/default\/files\/thumbnails\/image\/whatsapp_image_2021-05-15_at_18.05.45.jpeg?itok=VbVVw5By\" alt=\"Situa\u00e7\u00e3o epidemiol\u00f3gica da covid-19 no Brasil (15\/05\/2021).\" title=\"Minist\u00e9rio da Sa\u00fade\"\/><\/figure>\n\n\n\n<h6 class=\"wp-block-heading\">Situa\u00e7\u00e3o epidemiol\u00f3gica da covid-19 no Brasil (15\/05\/2021)&nbsp;&#8211;&nbsp;<strong>Minist\u00e9rio da Sa\u00fade<\/strong><\/h6>\n\n\n\n<p>As mortes pelo novo coronav\u00edrus ao longo da pandemia aproximam-se de 435 mil. Em 24 horas, as autoridades de sa\u00fade notificaram 2.087 novos \u00f3bitos, totalizando 434.715.&nbsp;<\/p>\n\n\n\n<p>O balan\u00e7o apontou tamb\u00e9m 1.089.423 pacientes em acompanhamento e 14.062.396 recuperados da doen\u00e7a.<\/p>\n\n\n\n<h2 class=\"wp-block-heading\">Covid-19 nos estados<\/h2>\n\n\n\n<p>Os estados com mais mortes s\u00e3o os seguintes: S\u00e3o Paulo (103.995), Rio de Janeiro (47.951), Minas Gerais (37.283), Rio Grande do Sul (26.657) e Paran\u00e1 (24.597).<\/p>\n\n\n\n<p>As unidades da Federa\u00e7\u00e3o com menos \u00f3bitos s\u00e3o Roraima (1.571), Acre (1.612), Amap\u00e1 (1.614), Tocantins (2.711) e Alagoas (4.478).<\/p>\n\n\n\n<p>Por Wellton M\u00e1ximo \u2013 Rep\u00f3rter da Ag\u00eancia Brasil &#8211; Bras\u00edlia<\/p>\n\n\n\n<p>Edi\u00e7\u00e3o: Aline Leal<\/p>\n","protected":false},"excerpt":{"rendered":"<p>O balan\u00e7o divulgado neste s\u00e1bado (15) pelo Minist\u00e9rio da Sa\u00fade registra 67.009 novos diagn\u00f3sticos de<\/p>\n","protected":false},"author":2,"featured_media":14520,"comment_status":"open","ping_status":"open","sticky":false,"template":"","format":"standard","meta":{"footnotes":""},"categories":[17],"tags":[],"class_list":["post-14519","post","type-post","status-publish","format-standard","has-post-thumbnail","hentry","category-outras-noticias"],"_links":{"self":[{"href":"https:\/\/tvc16.com\/portal\/wp-json\/wp\/v2\/posts\/14519","targetHints":{"allow":["GET"]}}],"collection":[{"href":"https:\/\/tvc16.com\/portal\/wp-json\/wp\/v2\/posts"}],"about":[{"href":"https:\/\/tvc16.com\/portal\/wp-json\/wp\/v2\/types\/post"}],"author":[{"embeddable":true,"href":"https:\/\/tvc16.com\/portal\/wp-json\/wp\/v2\/users\/2"}],"replies":[{"embeddable":true,"href":"https:\/\/tvc16.com\/portal\/wp-json\/wp\/v2\/comments?post=14519"}],"version-history":[{"count":1,"href":"https:\/\/tvc16.com\/portal\/wp-json\/wp\/v2\/posts\/14519\/revisions"}],"predecessor-version":[{"id":14521,"href":"https:\/\/tvc16.com\/portal\/wp-json\/wp\/v2\/posts\/14519\/revisions\/14521"}],"wp:featuredmedia":[{"embeddable":true,"href":"https:\/\/tvc16.com\/portal\/wp-json\/wp\/v2\/media\/14520"}],"wp:attachment":[{"href":"https:\/\/tvc16.com\/portal\/wp-json\/wp\/v2\/media?parent=14519"}],"wp:term":[{"taxonomy":"category","embeddable":true,"href":"https:\/\/tvc16.com\/portal\/wp-json\/wp\/v2\/categories?post=14519"},{"taxonomy":"post_tag","embeddable":true,"href":"https:\/\/tvc16.com\/portal\/wp-json\/wp\/v2\/tags?post=14519"}],"curies":[{"name":"wp","href":"https:\/\/api.w.org\/{rel}","templated":true}]}}