{"id":14522,"date":"2021-05-16T16:12:15","date_gmt":"2021-05-16T19:12:15","guid":{"rendered":"https:\/\/tvc16.com\/portal\/?p=14522"},"modified":"2021-05-16T16:12:17","modified_gmt":"2021-05-16T19:12:17","slug":"amanha-17-nova-iguacu-aplica-segunda-dose-de-coronavac-sinovac-somente-para-quem-tomou-a-primeira-ate-12-de-abril-vacinacao-de-primeira-e-segunda-doses-de-astrazeneca-continua-em-grupos-prioritar","status":"publish","type":"post","link":"https:\/\/tvc16.com\/portal\/2021\/05\/16\/amanha-17-nova-iguacu-aplica-segunda-dose-de-coronavac-sinovac-somente-para-quem-tomou-a-primeira-ate-12-de-abril-vacinacao-de-primeira-e-segunda-doses-de-astrazeneca-continua-em-grupos-prioritar\/","title":{"rendered":"Amanh\u00e3, (17), Nova Igua\u00e7u aplica segunda dose de Coronavac\/Sinovac somente para quem tomou a primeira at\u00e9 12 de abril. Vacina\u00e7\u00e3o de primeira e segunda doses de Astrazeneca continua em grupos priorit\u00e1rios"},"content":{"rendered":"\n<p><strong> segunda-feira (17), Nova Igua\u00e7u aplica segunda dose de Coronavac\/Sinovac somente para quem tomou a primeira at\u00e9 12 de abril. Vacina\u00e7\u00e3o de primeira e segunda doses de Astrazeneca continua em grupos priorit\u00e1rios\u00a0\u00a0<br><\/strong><br><em>Com o intuito de evitar aglomera\u00e7\u00f5es, o Munic\u00edpio abre novo ponto de imuniza\u00e7\u00e3o na Cl\u00ednica da Fam\u00edlia do Km 32<br><\/em><br>A Prefeitura de Nova Igua\u00e7u continua avan\u00e7ando com a vacina\u00e7\u00e3o contra a Covid-19. O munic\u00edpio vai aplicar, nesta segunda-feira (17), a segunda dose da Coronavac\/Sinovac (cart\u00e3o azul) \u00e0queles que receberam a primeira dose do imunizante at\u00e9 o dia 12 de abril. J\u00e1 as pessoas de 28 a 39 anos com comorbidades e acima dos 18, com defici\u00eancia definitiva, ser\u00e3o imunizadas nesta semana com a AstraZeneca, assim como aqueles que t\u00eam que receber a segunda dose da AstraZeneca (cart\u00e3o laranja) conforme agendamento de retorno, respeitando os hor\u00e1rios e divis\u00e3o de g\u00eanero.<\/p>\n\n\n\n<p><strong>Calend\u00e1rio de vacina\u00e7\u00e3o de primeira dose desta semana em Nova Igua\u00e7u<br><\/strong><br>A vacina\u00e7\u00e3o de primeira dose da Astrazeneca para pessoas com comorbidades acontecer\u00e1 da seguinte forma nesta semana:<\/p>\n\n\n\n<p>&#8211; segunda feira (17) &#8211; &nbsp;homens e mulheres de 39 e 38 anos.<br>&#8211; ter\u00e7a-feira (18) ser\u00e1 a vez de homens e mulheres de 37 e 36 anos.<br>&#8211; quarta-feira (19), homens e mulheres de 35 e 34 anos ser\u00e3o imunizados.<br>&#8211; quinta-feira (20), os homens e mulheres de 33 e 32 anos.<br>&#8211; sexta-feira (21) &#8211; Homens e mulheres de 31 e 30 anos<br>&#8211; s\u00e1bado (22), homens e mulheres de 29 e 28 anos<\/p>\n\n\n\n<p>\u00c9 importante ficar atento porque mulheres e homens ser\u00e3o vacinados no mesmo dia, de acordo com as idades, por\u00e9m em hor\u00e1rios diferentes, tanto para quem ir\u00e1 receber a Astrazeneca e a Coronavac. De segunda a sexta-feira, as mulheres se vacinar\u00e3o das 8h30 \u00e0s 13h, e os homens das 13h \u00e0s 16h.<\/p>\n\n\n\n<p>No s\u00e1bado o hor\u00e1rio \u00e9 reduzido e mulheres ser\u00e3o imunizadas entre 8h30 e 11h, enquanto os homens receber\u00e3o as doses das 11h \u00e0s 14h.<\/p>\n\n\n\n<p><strong>Prefeitura abre 23\u00ba ponto de vacina\u00e7\u00e3o<br><\/strong><br>O munic\u00edpio abriu seu 23\u00ba ponto de vacina\u00e7\u00e3o contra a Covid-19. Moradores da regi\u00e3o do Km 32 podem ir na Cl\u00ednica da Fam\u00edlia do Km 32, observando o cronograma anunciado. A Cl\u00ednica fica na Av. Nossa Senhora das Gra\u00e7as.<\/p>\n\n\n\n<p><strong>Quem pode se vacinar<br><\/strong><br>Pertencentes ao grupo de defici\u00eancias s\u00e3o pessoas com defici\u00eancia f\u00edsica, auditiva, visual, intelectual e transtorno do espectro autista. J\u00e1 aqueles do grupo de comorbidades s\u00e3o os portadores de &nbsp;diabetes, pneumopatias cr\u00f4nicas graves, hipertens\u00e3o arterial grau 3, insufici\u00eancia card\u00edaca, hipertens\u00e3o pulmonar, cardiopatia hipertensiva, s\u00edndromes coronarianas, valvopatias, miocardiopatias, pericardiopatias, arritmias card\u00edacas, cardiopatias cong\u00eanitas no adulto, doen\u00e7a cerebrovascular, doen\u00e7a renal cr\u00f4nica, imunossuprimidos, anemia falciforme, obesidade m\u00f3rbida IMC maior que 30, s\u00edndrome de Down, cirrose hep\u00e1tica, portadores de pr\u00f3teses valvares, portadores de dispositivos card\u00edacos implantados, al\u00e9m de doen\u00e7a da aorta, dos grandes vasos e f\u00edstulas arteriovenosas.<\/p>\n\n\n\n<p>Os profissionais de sa\u00fade com a idade de 26 anos ou mais, idosos acima de 60 anos e pessoas com comorbidade acima de 40 anos que ainda n\u00e3o se vacinaram devem comparecer a qualquer ponto de vacina\u00e7\u00e3o com os documentos necess\u00e1rios, cumprindo o hor\u00e1rio e separa\u00e7\u00e3o de g\u00eaneros. &nbsp;<\/p>\n\n\n\n<p>Para serem vacinados, \u00e9 preciso apresentar comprovante assinado por m\u00e9dico, contendo assinatura e registro no conselho de Classe, que demonstre pertencer a um destes grupos de comorbidades e defici\u00eancias; documento de Identidade com foto; CPF ou Cart\u00e3o Nacional de Sa\u00fade; Comprovante de resid\u00eancia e tr\u00eas \u00faltimas receitas, com validade m\u00e1xima de 12 meses.<\/p>\n\n\n\n<p>O hor\u00e1rio de funcionamento nos pontos de vacina\u00e7\u00e3o \u00e9 das 8h30 \u00e0s 16h, com exce\u00e7\u00e3o aos s\u00e1bados, que vai at\u00e9 as 14h. A lista completa com os endere\u00e7os dos 23 pontos de vacina\u00e7\u00e3o contra a Covid-19 e o calend\u00e1rio de imuniza\u00e7\u00e3o est\u00e1 em:&nbsp;<a rel=\"noreferrer noopener\" target=\"_blank\" href=\"http:\/\/www.novaiguacu.rj.gov.br\/semus\/vacinacao-covid\/calendario\/\">www.novaiguacu.rj.gov.br\/semus\/vacinacao-covid\/calendario\/<\/a><\/p>\n","protected":false},"excerpt":{"rendered":"<p>segunda-feira (17), Nova Igua\u00e7u aplica segunda dose de Coronavac\/Sinovac somente para quem tomou a primeira<\/p>\n","protected":false},"author":2,"featured_media":14523,"comment_status":"open","ping_status":"open","sticky":false,"template":"","format":"standard","meta":{"footnotes":""},"categories":[17],"tags":[],"class_list":["post-14522","post","type-post","status-publish","format-standard","has-post-thumbnail","hentry","category-outras-noticias"],"_links":{"self":[{"href":"https:\/\/tvc16.com\/portal\/wp-json\/wp\/v2\/posts\/14522","targetHints":{"allow":["GET"]}}],"collection":[{"href":"https:\/\/tvc16.com\/portal\/wp-json\/wp\/v2\/posts"}],"about":[{"href":"https:\/\/tvc16.com\/portal\/wp-json\/wp\/v2\/types\/post"}],"author":[{"embeddable":true,"href":"https:\/\/tvc16.com\/portal\/wp-json\/wp\/v2\/users\/2"}],"replies":[{"embeddable":true,"href":"https:\/\/tvc16.com\/portal\/wp-json\/wp\/v2\/comments?post=14522"}],"version-history":[{"count":1,"href":"https:\/\/tvc16.com\/portal\/wp-json\/wp\/v2\/posts\/14522\/revisions"}],"predecessor-version":[{"id":14524,"href":"https:\/\/tvc16.com\/portal\/wp-json\/wp\/v2\/posts\/14522\/revisions\/14524"}],"wp:featuredmedia":[{"embeddable":true,"href":"https:\/\/tvc16.com\/portal\/wp-json\/wp\/v2\/media\/14523"}],"wp:attachment":[{"href":"https:\/\/tvc16.com\/portal\/wp-json\/wp\/v2\/media?parent=14522"}],"wp:term":[{"taxonomy":"category","embeddable":true,"href":"https:\/\/tvc16.com\/portal\/wp-json\/wp\/v2\/categories?post=14522"},{"taxonomy":"post_tag","embeddable":true,"href":"https:\/\/tvc16.com\/portal\/wp-json\/wp\/v2\/tags?post=14522"}],"curies":[{"name":"wp","href":"https:\/\/api.w.org\/{rel}","templated":true}]}}