{"id":14532,"date":"2021-05-17T17:58:50","date_gmt":"2021-05-17T20:58:50","guid":{"rendered":"https:\/\/tvc16.com\/portal\/?p=14532"},"modified":"2021-05-17T17:58:53","modified_gmt":"2021-05-17T20:58:53","slug":"conheca-a-belissima-marseille-um-destino-deslumbrante-no-sul-da-franca","status":"publish","type":"post","link":"https:\/\/tvc16.com\/portal\/2021\/05\/17\/conheca-a-belissima-marseille-um-destino-deslumbrante-no-sul-da-franca\/","title":{"rendered":"Conhe\u00e7a a bel\u00edssima Marseille, um destino deslumbrante no sul da Fran\u00e7a"},"content":{"rendered":"\n<p><strong>Sandra Brito Writer &amp; Traveller<\/strong><\/p>\n\n\n\n<p>&nbsp;&nbsp;&nbsp;&nbsp;&nbsp;&nbsp;&nbsp;&nbsp;&nbsp;&nbsp;&nbsp; A coragem e a grandeza coexistem perfeitamente em Marseille, uma cidade portu\u00e1ria exuberantemente multicultural com um pedigree que remonta \u00e0 Gr\u00e9cia cl\u00e1ssica e uma justa reivindica\u00e7\u00e3o ao patamar de segunda capital francesa. Antes vista como um destino sujo e at\u00e9 perigoso, sem o glamour das tradicionais Cannes ou St-Tropez, esta ovelha negra do litoral franc\u00eas floresceu na confian\u00e7a cultural e no potencial tur\u00edstico desde sua premia\u00e7\u00e3o em 2013 como Capital Europeia da Cultura. A adi\u00e7\u00e3o de novos museus \u00e0 cidade \u00e9 apenas um dos muitos sinais do otimismo e da autoconfian\u00e7a do pa\u00eds naquele revigorado destino.<\/p>\n\n\n\n<p>&nbsp;&nbsp;&nbsp;&nbsp;&nbsp;&nbsp;&nbsp;&nbsp;&nbsp;&nbsp;&nbsp; O cora\u00e7\u00e3o de Marseille \u00e9 o vibrante Vieux Port (antigo porto), repleto, mastro a mastro com iates luxuosos e pequenas embarca\u00e7\u00f5es. Um pouco acima est\u00e1 o antigo bairro de Le Panier, a parte mais antiga da cidade. Tamb\u00e9m vale a pena explorar o bairro R\u00e9publique, com suas boutiques e edif\u00edcios elegantes e a \u00e1rea de Joliette, centrada na Cath\u00e9drale de Marseille Notre Dame de la Major.<\/p>\n\n\n\n<p><strong>Basilique Notre Dame de la Garde<\/strong><\/p>\n\n\n\n<figure class=\"wp-block-image size-large\"><img loading=\"lazy\" decoding=\"async\" width=\"1024\" height=\"767\" src=\"https:\/\/tvc16.com\/portal\/wp-content\/uploads\/2021\/05\/m2-1024x767.jpg\" alt=\"\" class=\"wp-image-14533\" srcset=\"https:\/\/tvc16.com\/portal\/wp-content\/uploads\/2021\/05\/m2-1024x767.jpg 1024w, https:\/\/tvc16.com\/portal\/wp-content\/uploads\/2021\/05\/m2-300x225.jpg 300w, https:\/\/tvc16.com\/portal\/wp-content\/uploads\/2021\/05\/m2-768x575.jpg 768w, https:\/\/tvc16.com\/portal\/wp-content\/uploads\/2021\/05\/m2-200x150.jpg 200w, https:\/\/tvc16.com\/portal\/wp-content\/uploads\/2021\/05\/m2.jpg 1280w\" sizes=\"auto, (max-width: 1024px) 100vw, 1024px\" \/><\/figure>\n\n\n\n<p>&nbsp;&nbsp;&nbsp;&nbsp;&nbsp;&nbsp;&nbsp;&nbsp;&nbsp;&nbsp;&nbsp; Ocupando o ponto mais alto de Marseille, La Garde (154 m), esta opulenta bas\u00edlica romano-bizantina do s\u00e9culo XIX, \u00e9 o \u00edcone mais visitado da cidade. Constru\u00edda sobre as funda\u00e7\u00f5es de um forte do s\u00e9culo XVI, que era uma amplia\u00e7\u00e3o de uma capela do s\u00e9culo XIII, a bas\u00edlica \u00e9 ornamentada com m\u00e1rmore colorido, magn\u00edficos mosaicos de estilo bizantino e murais representando navios navegando sob a prote\u00e7\u00e3o de La Bonne M\u00e8re (A Boa M\u00e3e). O campan\u00e1rio sustenta uma est\u00e1tua dourada de 9,7 m de altura da dita M\u00e3e em um pedestal de 12 m de altura, e o topo da colina d\u00e1 panoramas de 360 graus da cidade. A bas\u00edlica fica a uma caminhada \u00edngreme de 1 km do Vieux Port, mas voc\u00ea tem como alternativa o \u00f4nibus 60 ou o trem tur\u00edstico, que te deixam no local.<\/p>\n\n\n\n<figure class=\"wp-block-image size-large\"><img loading=\"lazy\" decoding=\"async\" width=\"683\" height=\"1024\" src=\"https:\/\/tvc16.com\/portal\/wp-content\/uploads\/2021\/05\/m3-1-683x1024.jpg\" alt=\"\" class=\"wp-image-14534\" srcset=\"https:\/\/tvc16.com\/portal\/wp-content\/uploads\/2021\/05\/m3-1-683x1024.jpg 683w, https:\/\/tvc16.com\/portal\/wp-content\/uploads\/2021\/05\/m3-1-200x300.jpg 200w, https:\/\/tvc16.com\/portal\/wp-content\/uploads\/2021\/05\/m3-1-768x1152.jpg 768w, https:\/\/tvc16.com\/portal\/wp-content\/uploads\/2021\/05\/m3-1-1024x1536.jpg 1024w, https:\/\/tvc16.com\/portal\/wp-content\/uploads\/2021\/05\/m3-1.jpg 1120w\" sizes=\"auto, (max-width: 683px) 100vw, 683px\" \/><\/figure>\n\n\n\n<p><strong>Vieux Port<\/strong><\/p>\n\n\n\n<figure class=\"wp-block-image size-large\"><img loading=\"lazy\" decoding=\"async\" width=\"1024\" height=\"427\" src=\"https:\/\/tvc16.com\/portal\/wp-content\/uploads\/2021\/05\/m4-1-1024x427.jpg\" alt=\"\" class=\"wp-image-14535\" srcset=\"https:\/\/tvc16.com\/portal\/wp-content\/uploads\/2021\/05\/m4-1-1024x427.jpg 1024w, https:\/\/tvc16.com\/portal\/wp-content\/uploads\/2021\/05\/m4-1-300x125.jpg 300w, https:\/\/tvc16.com\/portal\/wp-content\/uploads\/2021\/05\/m4-1-768x320.jpg 768w, https:\/\/tvc16.com\/portal\/wp-content\/uploads\/2021\/05\/m4-1-1536x640.jpg 1536w, https:\/\/tvc16.com\/portal\/wp-content\/uploads\/2021\/05\/m4-1.jpg 1920w\" sizes=\"auto, (max-width: 1024px) 100vw, 1024px\" \/><\/figure>\n\n\n\n<p>&nbsp;&nbsp;&nbsp;&nbsp;&nbsp;&nbsp;&nbsp;&nbsp;&nbsp;&nbsp;&nbsp; Os navios atracam h\u00e1 mil\u00eanios no local de nascimento de Marseille, o vibrante Vieux Port. As principais docas comerciais foram transferidas para a \u00e1rea de Joliette na d\u00e9cada de 1840, mas o antigo porto continua a ser um porto pr\u00f3spero para barcos de pesca, iates e barcos tur\u00edsticos. Guardados pelos fortes St-Jean e St-Nicola, ambos os lados do porto est\u00e3o repletos de bares, brasseries e caf\u00e9s, com mais para ser encontrado em torno da Place Thiars e do cours Honor\u00e9 d&#8217;Estienne d&#8217;Orves, onde a a\u00e7\u00e3o continua at\u00e9 tarde. Para turistas com dificuldade de locomo\u00e7\u00e3o (ou simplesmente cansados), h\u00e1 tamb\u00e9m uma balsa para atravessar o porto.<\/p>\n\n\n\n<p><strong>Fort St-Jean<\/strong><\/p>\n\n\n\n<figure class=\"wp-block-image size-large\"><img loading=\"lazy\" decoding=\"async\" width=\"720\" height=\"482\" src=\"https:\/\/tvc16.com\/portal\/wp-content\/uploads\/2021\/05\/m5-1.jpg\" alt=\"\" class=\"wp-image-14536\" srcset=\"https:\/\/tvc16.com\/portal\/wp-content\/uploads\/2021\/05\/m5-1.jpg 720w, https:\/\/tvc16.com\/portal\/wp-content\/uploads\/2021\/05\/m5-1-300x201.jpg 300w\" sizes=\"auto, (max-width: 720px) 100vw, 720px\" \/><\/figure>\n\n\n\n<p>&nbsp;&nbsp;&nbsp;&nbsp;&nbsp;&nbsp;&nbsp;&nbsp;&nbsp;&nbsp;&nbsp; Planejado tanto para controlar os cidad\u00e3os de Marseille quanto para proteg\u00ea-los de amea\u00e7as externas, o Forte St-Jean foi constru\u00eddo por Lu\u00eds XIV em 1660 no local de uma fortaleza hospitaleira do s\u00e9culo XIII. Incorporando elementos dos s\u00e9culos XIII e XV, \u00e9 confrontado por seu g\u00eameo, o Forte St-Nicolas, do outro lado da entrada estreita para o Port Vieux. Os terrenos da fortaleza est\u00e3o abertos para serem visitados e este tornou-se um excelente passeio para moradores e turistas, que para al\u00e9m da hist\u00f3ria, tamb\u00e9m gostam de se expor ao sol sob seus fortes muros.<\/p>\n\n\n\n<p><strong>Fort St-Nicolas<\/strong><\/p>\n\n\n\n<figure class=\"wp-block-image size-large\"><img loading=\"lazy\" decoding=\"async\" width=\"425\" height=\"640\" src=\"https:\/\/tvc16.com\/portal\/wp-content\/uploads\/2021\/05\/m6-1.jpg\" alt=\"\" class=\"wp-image-14537\" srcset=\"https:\/\/tvc16.com\/portal\/wp-content\/uploads\/2021\/05\/m6-1.jpg 425w, https:\/\/tvc16.com\/portal\/wp-content\/uploads\/2021\/05\/m6-1-199x300.jpg 199w\" sizes=\"auto, (max-width: 425px) 100vw, 425px\" \/><\/figure>\n\n\n\n<p>&nbsp;&nbsp;&nbsp;&nbsp;&nbsp;&nbsp;&nbsp;&nbsp;&nbsp;&nbsp;&nbsp; Guardando o lado sul do porto de Marseille (e amea\u00e7ando seus cidad\u00e3os \u00e0s vezes rebeldes, que tentaram destru\u00ed-lo durante a Revolu\u00e7\u00e3o) est\u00e1 o Forte de S\u00e3o Nicolau em forma de estrela do s\u00e9culo XVII, constru\u00eddo por Lu\u00eds XIV.<\/p>\n\n\n\n<figure class=\"wp-block-image size-large\"><img loading=\"lazy\" decoding=\"async\" width=\"1024\" height=\"763\" src=\"https:\/\/tvc16.com\/portal\/wp-content\/uploads\/2021\/05\/m7-1-1024x763.jpg\" alt=\"\" class=\"wp-image-14538\" srcset=\"https:\/\/tvc16.com\/portal\/wp-content\/uploads\/2021\/05\/m7-1-1024x763.jpg 1024w, https:\/\/tvc16.com\/portal\/wp-content\/uploads\/2021\/05\/m7-1-300x224.jpg 300w, https:\/\/tvc16.com\/portal\/wp-content\/uploads\/2021\/05\/m7-1-768x572.jpg 768w, https:\/\/tvc16.com\/portal\/wp-content\/uploads\/2021\/05\/m7-1-200x150.jpg 200w, https:\/\/tvc16.com\/portal\/wp-content\/uploads\/2021\/05\/m7-1.jpg 1200w\" sizes=\"auto, (max-width: 1024px) 100vw, 1024px\" \/><\/figure>\n\n\n\n<p>&nbsp;&nbsp;&nbsp;&nbsp;&nbsp;&nbsp;&nbsp;&nbsp;&nbsp;&nbsp;&nbsp; Usado como guarni\u00e7\u00e3o e pris\u00e3o, s\u00f3 pode ser visitado mediante autoriza\u00e7\u00e3o pr\u00e9via do posto de turismo. Se voc\u00ea curte hist\u00f3ria e arquitetura, vale muito a pena agendar antes e conhecer essa magn\u00edfica constru\u00e7\u00e3o. Imperd\u00edvel!<\/p>\n\n\n\n<p><strong>Cath\u00e9drale de Marseille Notre Dame de la Major<\/strong>&nbsp;<\/p>\n\n\n\n<figure class=\"wp-block-image size-large\"><img loading=\"lazy\" decoding=\"async\" width=\"1024\" height=\"500\" src=\"https:\/\/tvc16.com\/portal\/wp-content\/uploads\/2021\/05\/m8-1.jpg\" alt=\"\" class=\"wp-image-14539\" srcset=\"https:\/\/tvc16.com\/portal\/wp-content\/uploads\/2021\/05\/m8-1.jpg 1024w, https:\/\/tvc16.com\/portal\/wp-content\/uploads\/2021\/05\/m8-1-300x146.jpg 300w, https:\/\/tvc16.com\/portal\/wp-content\/uploads\/2021\/05\/m8-1-768x375.jpg 768w\" sizes=\"auto, (max-width: 1024px) 100vw, 1024px\" \/><\/figure>\n\n\n\n<p>&nbsp;&nbsp;&nbsp;&nbsp;&nbsp;&nbsp;&nbsp;&nbsp;&nbsp;&nbsp;&nbsp; De guarda entre o antigo e o novo porto est\u00e1 a impressionante Cath\u00e9drale de la Major do s\u00e9culo XIX. Depois que sua pedra fundamental foi lan\u00e7ada por Napole\u00e3o III em 1852, o &#8216;Novo Major&#8217; levou mais de 40 anos para ser conclu\u00eddo. Possui uma fachada listrada de estilo bizantino, feita de pedra local de Cassis e m\u00e1rmore florentino verde.<\/p>\n\n\n\n<figure class=\"wp-block-image size-large\"><img loading=\"lazy\" decoding=\"async\" width=\"779\" height=\"1024\" src=\"https:\/\/tvc16.com\/portal\/wp-content\/uploads\/2021\/05\/m9-1-779x1024.jpg\" alt=\"\" class=\"wp-image-14540\" srcset=\"https:\/\/tvc16.com\/portal\/wp-content\/uploads\/2021\/05\/m9-1-779x1024.jpg 779w, https:\/\/tvc16.com\/portal\/wp-content\/uploads\/2021\/05\/m9-1-228x300.jpg 228w, https:\/\/tvc16.com\/portal\/wp-content\/uploads\/2021\/05\/m9-1-768x1009.jpg 768w, https:\/\/tvc16.com\/portal\/wp-content\/uploads\/2021\/05\/m9-1-1169x1536.jpg 1169w, https:\/\/tvc16.com\/portal\/wp-content\/uploads\/2021\/05\/m9-1.jpg 1368w\" sizes=\"auto, (max-width: 779px) 100vw, 779px\" \/><\/figure>\n\n\n\n<p>&nbsp;&nbsp;&nbsp;&nbsp;&nbsp;&nbsp;&nbsp;&nbsp;&nbsp;&nbsp;&nbsp; Abaixo da igreja est\u00e3o Les Vo\u00fbtes de la Major, armaz\u00e9ns abobadados do s\u00e9culo XIX reaproveitados como restaurantes e butiques, enquanto a grande escadaria no lado norte \u00e9 uma porta de entrada impressionante para La Joliette.<\/p>\n\n\n\n<figure class=\"wp-block-image size-large\"><img loading=\"lazy\" decoding=\"async\" width=\"424\" height=\"640\" src=\"https:\/\/tvc16.com\/portal\/wp-content\/uploads\/2021\/05\/m10-1.jpg\" alt=\"\" class=\"wp-image-14541\" srcset=\"https:\/\/tvc16.com\/portal\/wp-content\/uploads\/2021\/05\/m10-1.jpg 424w, https:\/\/tvc16.com\/portal\/wp-content\/uploads\/2021\/05\/m10-1-199x300.jpg 199w\" sizes=\"auto, (max-width: 424px) 100vw, 424px\" \/><\/figure>\n\n\n\n<p><strong>La Joliette<\/strong><\/p>\n\n\n\n<figure class=\"wp-block-image size-large\"><img loading=\"lazy\" decoding=\"async\" width=\"640\" height=\"480\" src=\"https:\/\/tvc16.com\/portal\/wp-content\/uploads\/2021\/05\/m11-1.jpg\" alt=\"\" class=\"wp-image-14542\" srcset=\"https:\/\/tvc16.com\/portal\/wp-content\/uploads\/2021\/05\/m11-1.jpg 640w, https:\/\/tvc16.com\/portal\/wp-content\/uploads\/2021\/05\/m11-1-300x225.jpg 300w, https:\/\/tvc16.com\/portal\/wp-content\/uploads\/2021\/05\/m11-1-200x150.jpg 200w\" sizes=\"auto, (max-width: 640px) 100vw, 640px\" \/><\/figure>\n\n\n\n<p>&nbsp;&nbsp;&nbsp;&nbsp;&nbsp;&nbsp;&nbsp;&nbsp;&nbsp;&nbsp;&nbsp; O antigo bairro mar\u00edtimo de La Joliette, esquecido desde o decl\u00ednio das docas do s\u00e9culo XIX, foi revitalizado por bares, lojas e restaurantes. As balsas ainda partem para os portos ao redor do Mediterr\u00e2neo, mas a longa varredura das fachadas comerciais ao longo do Quai de la Joliette ganhou uma impressionante renova\u00e7\u00e3o. Aqui voc\u00ea encontrar\u00e1 o March\u00e9 de la Joliette, um dos mercados mais movimentados de Marseille, onde voc\u00ea encontra uma boa variedade de produtos frescos, al\u00e9m de ser o local ideal para piqueniques. Na segunda-feira, o espa\u00e7o fica repleto de flores. Um espet\u00e1culo \u00e0 parte, que representa bem a cultura do povo franc\u00eas. Bem pr\u00f3ximo est\u00e1 situado Les Docks &#8211; armaz\u00e9ns abandonados do s\u00e9culo XIX agora cheios de butiques e galerias.<\/p>\n\n\n\n<figure class=\"wp-block-image size-large\"><img loading=\"lazy\" decoding=\"async\" width=\"400\" height=\"312\" src=\"https:\/\/tvc16.com\/portal\/wp-content\/uploads\/2021\/05\/m12-1.jpg\" alt=\"\" class=\"wp-image-14543\" srcset=\"https:\/\/tvc16.com\/portal\/wp-content\/uploads\/2021\/05\/m12-1.jpg 400w, https:\/\/tvc16.com\/portal\/wp-content\/uploads\/2021\/05\/m12-1-300x234.jpg 300w\" sizes=\"auto, (max-width: 400px) 100vw, 400px\" \/><\/figure>\n\n\n\n<p>&nbsp;&nbsp;&nbsp;&nbsp;&nbsp;&nbsp;&nbsp;&nbsp;&nbsp;&nbsp;&nbsp; Perto dali, Les Terraces du Port \u00e9 um imenso shopping center cheio de lojas de departamento e de lojas internacionais de luxo. Tem um enorme terra\u00e7o p\u00fablico no piso 2 com vistas fabulosas sobre o porto e a costa. Passeio que n\u00e3o se pode perder!<\/p>\n\n\n\n<p><strong>Le Panier<\/strong><\/p>\n\n\n\n<figure class=\"wp-block-image size-large\"><img loading=\"lazy\" decoding=\"async\" width=\"640\" height=\"480\" src=\"https:\/\/tvc16.com\/portal\/wp-content\/uploads\/2021\/05\/m13-1.jpg\" alt=\"\" class=\"wp-image-14544\" srcset=\"https:\/\/tvc16.com\/portal\/wp-content\/uploads\/2021\/05\/m13-1.jpg 640w, https:\/\/tvc16.com\/portal\/wp-content\/uploads\/2021\/05\/m13-1-300x225.jpg 300w, https:\/\/tvc16.com\/portal\/wp-content\/uploads\/2021\/05\/m13-1-200x150.jpg 200w\" sizes=\"auto, (max-width: 640px) 100vw, 640px\" \/><\/figure>\n\n\n\n<p>&nbsp;&nbsp;&nbsp;&nbsp;&nbsp;&nbsp;&nbsp;&nbsp;&nbsp;&nbsp;&nbsp; Este \u00e9 o bairro mais antigo de Marseille &#8211; local do assentamento grego original e assim apelidado por suas ruas e edif\u00edcios \u00edngremes. Sua proximidade, sensa\u00e7\u00e3o de vila, ambiente art\u00edstico, pra\u00e7as escondidas e caf\u00e9s ensolarados tornam-no um deleite para explorar. Reconstru\u00edda ap\u00f3s a destrui\u00e7\u00e3o na Segunda Guerra Mundial, sua mistura de ruas esconde lojas de artes\u00e3os, ateli\u00eas e casas com terra\u00e7os bastante convidativos. Sua pe\u00e7a central \u00e9 La Vieille Charit\u00e9.<\/p>\n\n\n\n<figure class=\"wp-block-image size-large\"><img loading=\"lazy\" decoding=\"async\" width=\"470\" height=\"560\" src=\"https:\/\/tvc16.com\/portal\/wp-content\/uploads\/2021\/05\/m14.png\" alt=\"\" class=\"wp-image-14545\" srcset=\"https:\/\/tvc16.com\/portal\/wp-content\/uploads\/2021\/05\/m14.png 470w, https:\/\/tvc16.com\/portal\/wp-content\/uploads\/2021\/05\/m14-252x300.png 252w\" sizes=\"auto, (max-width: 470px) 100vw, 470px\" \/><\/figure>\n\n\n\n<p><strong>La Vieille Charit\u00e9<\/strong><\/p>\n\n\n\n<figure class=\"wp-block-image size-large\"><img loading=\"lazy\" decoding=\"async\" width=\"512\" height=\"269\" src=\"https:\/\/tvc16.com\/portal\/wp-content\/uploads\/2021\/05\/m15.png\" alt=\"\" class=\"wp-image-14546\" srcset=\"https:\/\/tvc16.com\/portal\/wp-content\/uploads\/2021\/05\/m15.png 512w, https:\/\/tvc16.com\/portal\/wp-content\/uploads\/2021\/05\/m15-300x158.png 300w\" sizes=\"auto, (max-width: 512px) 100vw, 512px\" \/><\/figure>\n\n\n\n<p>&nbsp;&nbsp;&nbsp;&nbsp;&nbsp;&nbsp;&nbsp;&nbsp;&nbsp;&nbsp;&nbsp; No cora\u00e7\u00e3o do bairro Le Panier est\u00e1 esta grande e linda casa de esmolas, constru\u00edda por Pierre Puget (1620-1694), um arquiteto e escultor nascido a apenas algumas ruas de dist\u00e2ncia que se tornou o arquiteto de Lu\u00eds XIV. Com a sua capela central neocl\u00e1ssica e elegante p\u00e1tio com arcadas, \u00e9 uma estrutura de grande harmonia e gra\u00e7a. A entrada \u00e9 gratuita, embora haja uma taxa para visitar o excelente Mus\u00e9e d&#8217;Arch\u00e9ologie M\u00e9diterran\u00e9enne e o Mus\u00e9e d&#8217;Arts Africains, Oc\u00e9aniens et Am\u00e9ridiens, ambos alojados no interior.<\/p>\n\n\n\n<p><strong>Mus\u00e9e d&#8217;Arch\u00e9ologie M\u00e9diterran\u00e9enne<\/strong><\/p>\n\n\n\n<figure class=\"wp-block-image size-large\"><img loading=\"lazy\" decoding=\"async\" width=\"357\" height=\"141\" src=\"https:\/\/tvc16.com\/portal\/wp-content\/uploads\/2021\/05\/m16.jpg\" alt=\"\" class=\"wp-image-14547\" srcset=\"https:\/\/tvc16.com\/portal\/wp-content\/uploads\/2021\/05\/m16.jpg 357w, https:\/\/tvc16.com\/portal\/wp-content\/uploads\/2021\/05\/m16-300x118.jpg 300w\" sizes=\"auto, (max-width: 357px) 100vw, 357px\" \/><\/figure>\n\n\n\n<p>&nbsp;&nbsp;&nbsp;&nbsp;&nbsp;&nbsp;&nbsp;&nbsp;&nbsp;&nbsp;&nbsp; Fundado em meados do s\u00e9culo XIX e instalado em La Vieille Charit\u00e9 desde 1989, este pequeno museu arqueol\u00f3gico explora civiliza\u00e7\u00f5es mediterr\u00e2neas e do Oriente, da Mesopot\u00e2mia a Roma. Possui uma impressionante cole\u00e7\u00e3o eg\u00edpcia, a segunda maior da Fran\u00e7a fora do Louvre, que inclui alguns elegantes sarchophagi. Voc\u00ea tamb\u00e9m pode encontrar vasos e cer\u00e2micas decorados e um rico painel de esmalte mesopot\u00e2mico.<\/p>\n\n\n\n<figure class=\"wp-block-image size-large\"><img loading=\"lazy\" decoding=\"async\" width=\"830\" height=\"520\" src=\"https:\/\/tvc16.com\/portal\/wp-content\/uploads\/2021\/05\/m17.jpg\" alt=\"\" class=\"wp-image-14548\" srcset=\"https:\/\/tvc16.com\/portal\/wp-content\/uploads\/2021\/05\/m17.jpg 830w, https:\/\/tvc16.com\/portal\/wp-content\/uploads\/2021\/05\/m17-300x188.jpg 300w, https:\/\/tvc16.com\/portal\/wp-content\/uploads\/2021\/05\/m17-768x481.jpg 768w\" sizes=\"auto, (max-width: 830px) 100vw, 830px\" \/><\/figure>\n\n\n\n<figure class=\"wp-block-image size-large\"><img loading=\"lazy\" decoding=\"async\" width=\"830\" height=\"520\" src=\"https:\/\/tvc16.com\/portal\/wp-content\/uploads\/2021\/05\/m18.jpg\" alt=\"\" class=\"wp-image-14549\" srcset=\"https:\/\/tvc16.com\/portal\/wp-content\/uploads\/2021\/05\/m18.jpg 830w, https:\/\/tvc16.com\/portal\/wp-content\/uploads\/2021\/05\/m18-300x188.jpg 300w, https:\/\/tvc16.com\/portal\/wp-content\/uploads\/2021\/05\/m18-768x481.jpg 768w\" sizes=\"auto, (max-width: 830px) 100vw, 830px\" \/><\/figure>\n\n\n\n<p><strong>Mus\u00e9e d&#8217;Arts Africains, Oc\u00e9aniens et Am\u00e9rindiens<\/strong><\/p>\n\n\n\n<figure class=\"wp-block-image size-large\"><img loading=\"lazy\" decoding=\"async\" width=\"800\" height=\"533\" src=\"https:\/\/tvc16.com\/portal\/wp-content\/uploads\/2021\/05\/m19.jpg\" alt=\"\" class=\"wp-image-14550\" srcset=\"https:\/\/tvc16.com\/portal\/wp-content\/uploads\/2021\/05\/m19.jpg 800w, https:\/\/tvc16.com\/portal\/wp-content\/uploads\/2021\/05\/m19-300x200.jpg 300w, https:\/\/tvc16.com\/portal\/wp-content\/uploads\/2021\/05\/m19-768x512.jpg 768w\" sizes=\"auto, (max-width: 800px) 100vw, 800px\" \/><\/figure>\n\n\n\n<p>&nbsp;&nbsp;&nbsp;&nbsp;&nbsp;&nbsp;&nbsp;&nbsp;&nbsp;&nbsp;&nbsp; Essas tr\u00eas cole\u00e7\u00f5es de arte &#8216;ex\u00f3tica&#8217; est\u00e3o instaladas no belo Vieille Charit\u00e9 desde 1992. Vale a pena visitar, o museu explora as culturas das Am\u00e9ricas, da \u00c1frica e do Pac\u00edfico por meio de m\u00e1scaras tribais, cer\u00e2mica e v\u00e1rios outros artefatos. Inevitavelmente, as cabe\u00e7as encolhidas e decoradas ritualmente causam uma grande impress\u00e3o. Passeio mais que recomendado!<\/p>\n\n\n\n<p><strong>Ch\u00e2teau d\u2019If<\/strong><\/p>\n\n\n\n<figure class=\"wp-block-image size-large\"><img loading=\"lazy\" decoding=\"async\" width=\"669\" height=\"446\" src=\"https:\/\/tvc16.com\/portal\/wp-content\/uploads\/2021\/05\/m20.jpg\" alt=\"\" class=\"wp-image-14551\" srcset=\"https:\/\/tvc16.com\/portal\/wp-content\/uploads\/2021\/05\/m20.jpg 669w, https:\/\/tvc16.com\/portal\/wp-content\/uploads\/2021\/05\/m20-300x200.jpg 300w\" sizes=\"auto, (max-width: 669px) 100vw, 669px\" \/><\/figure>\n\n\n\n<p>&nbsp;&nbsp;&nbsp;&nbsp;&nbsp;&nbsp;&nbsp;&nbsp;&nbsp;&nbsp;&nbsp; Com acesso ao Vieux Port, esta ilha-fortaleza foi imortalizada no cl\u00e1ssico de Alexandre Dumas de 1844, O Conde de Monte Cristo. Muitos prisioneiros pol\u00edticos foram encarcerados aqui, incluindo o her\u00f3i revolucion\u00e1rio Mirabeau e os Communards de 1871. A pr\u00f3pria ilha j\u00e1 vale uma visita e claro, a hist\u00f3ria por tr\u00e1s dela \u00e9 surpreendente.<\/p>\n\n\n\n<figure class=\"wp-block-image size-large\"><img loading=\"lazy\" decoding=\"async\" width=\"550\" height=\"412\" src=\"https:\/\/tvc16.com\/portal\/wp-content\/uploads\/2021\/05\/m21.jpg\" alt=\"\" class=\"wp-image-14552\" srcset=\"https:\/\/tvc16.com\/portal\/wp-content\/uploads\/2021\/05\/m21.jpg 550w, https:\/\/tvc16.com\/portal\/wp-content\/uploads\/2021\/05\/m21-300x225.jpg 300w, https:\/\/tvc16.com\/portal\/wp-content\/uploads\/2021\/05\/m21-200x150.jpg 200w\" sizes=\"auto, (max-width: 550px) 100vw, 550px\" \/><\/figure>\n\n\n\n<p><strong>La Cit\u00e9 Radieuse<\/strong><\/p>\n\n\n\n<figure class=\"wp-block-image size-large\"><img loading=\"lazy\" decoding=\"async\" width=\"1024\" height=\"576\" src=\"https:\/\/tvc16.com\/portal\/wp-content\/uploads\/2021\/05\/m22-1024x576.jpg\" alt=\"\" class=\"wp-image-14553\" srcset=\"https:\/\/tvc16.com\/portal\/wp-content\/uploads\/2021\/05\/m22-1024x576.jpg 1024w, https:\/\/tvc16.com\/portal\/wp-content\/uploads\/2021\/05\/m22-300x169.jpg 300w, https:\/\/tvc16.com\/portal\/wp-content\/uploads\/2021\/05\/m22-768x432.jpg 768w, https:\/\/tvc16.com\/portal\/wp-content\/uploads\/2021\/05\/m22.jpg 1280w\" sizes=\"auto, (max-width: 1024px) 100vw, 1024px\" \/><\/figure>\n\n\n\n<p>&nbsp;&nbsp;&nbsp;&nbsp;&nbsp;&nbsp;&nbsp;&nbsp;&nbsp;&nbsp;&nbsp; O arquiteto modernista Le Corbusier redefiniu a vida urbana de Marseille em 1952, com a conclus\u00e3o desta torre vertical de 337 apartamentos, popularmente conhecida como La Cit\u00e9 Radieuse (&#8216;A Cidade Radiante&#8217;). Seu objetivo era aumentar a densidade residencial para permitir a inclus\u00e3o de mais espa\u00e7os verdes. Hoje, os apartamentos s\u00e3o unidos pelo H\u00f4tel Le Corbusier, o sofisticado restaurante Le Ventre de l&#8217;Architecte e um terra\u00e7o na cobertura. \u00c9 permitido fazer um tour pelo pr\u00e9dio com guia que pode ser reservado atrav\u00e9s do posto de turismo. Fica a cerca de 5 km ao sul do centro da cidade, ao longo da Avenue du Prado.<\/p>\n\n\n\n<p>&nbsp;&nbsp;&nbsp;&nbsp;&nbsp;&nbsp;&nbsp;&nbsp;&nbsp;&nbsp;&nbsp; Uma cidade encantadora, em todos os aspectos. Programe-se e boa viagem!<\/p>\n\n\n\n<figure class=\"wp-block-image size-large\"><img loading=\"lazy\" decoding=\"async\" width=\"1024\" height=\"873\" src=\"https:\/\/tvc16.com\/portal\/wp-content\/uploads\/2021\/05\/m23-1024x873.jpg\" alt=\"\" class=\"wp-image-14554\" srcset=\"https:\/\/tvc16.com\/portal\/wp-content\/uploads\/2021\/05\/m23-1024x873.jpg 1024w, https:\/\/tvc16.com\/portal\/wp-content\/uploads\/2021\/05\/m23-300x256.jpg 300w, https:\/\/tvc16.com\/portal\/wp-content\/uploads\/2021\/05\/m23-768x655.jpg 768w, https:\/\/tvc16.com\/portal\/wp-content\/uploads\/2021\/05\/m23.jpg 1242w\" sizes=\"auto, (max-width: 1024px) 100vw, 1024px\" \/><\/figure>\n","protected":false},"excerpt":{"rendered":"<p>Sandra Brito Writer &amp; Traveller &nbsp;&nbsp;&nbsp;&nbsp;&nbsp;&nbsp;&nbsp;&nbsp;&nbsp;&nbsp;&nbsp; A coragem e a grandeza coexistem perfeitamente em Marseille,<\/p>\n","protected":false},"author":2,"featured_media":14555,"comment_status":"open","ping_status":"open","sticky":false,"template":"","format":"standard","meta":{"footnotes":""},"categories":[16],"tags":[],"class_list":["post-14532","post","type-post","status-publish","format-standard","has-post-thumbnail","hentry","category-colunistas"],"_links":{"self":[{"href":"https:\/\/tvc16.com\/portal\/wp-json\/wp\/v2\/posts\/14532","targetHints":{"allow":["GET"]}}],"collection":[{"href":"https:\/\/tvc16.com\/portal\/wp-json\/wp\/v2\/posts"}],"about":[{"href":"https:\/\/tvc16.com\/portal\/wp-json\/wp\/v2\/types\/post"}],"author":[{"embeddable":true,"href":"https:\/\/tvc16.com\/portal\/wp-json\/wp\/v2\/users\/2"}],"replies":[{"embeddable":true,"href":"https:\/\/tvc16.com\/portal\/wp-json\/wp\/v2\/comments?post=14532"}],"version-history":[{"count":1,"href":"https:\/\/tvc16.com\/portal\/wp-json\/wp\/v2\/posts\/14532\/revisions"}],"predecessor-version":[{"id":14556,"href":"https:\/\/tvc16.com\/portal\/wp-json\/wp\/v2\/posts\/14532\/revisions\/14556"}],"wp:featuredmedia":[{"embeddable":true,"href":"https:\/\/tvc16.com\/portal\/wp-json\/wp\/v2\/media\/14555"}],"wp:attachment":[{"href":"https:\/\/tvc16.com\/portal\/wp-json\/wp\/v2\/media?parent=14532"}],"wp:term":[{"taxonomy":"category","embeddable":true,"href":"https:\/\/tvc16.com\/portal\/wp-json\/wp\/v2\/categories?post=14532"},{"taxonomy":"post_tag","embeddable":true,"href":"https:\/\/tvc16.com\/portal\/wp-json\/wp\/v2\/tags?post=14532"}],"curies":[{"name":"wp","href":"https:\/\/api.w.org\/{rel}","templated":true}]}}