{"id":14562,"date":"2021-05-17T18:07:32","date_gmt":"2021-05-17T21:07:32","guid":{"rendered":"https:\/\/tvc16.com\/portal\/?p=14562"},"modified":"2021-05-17T18:07:34","modified_gmt":"2021-05-17T21:07:34","slug":"prefeitura-promove-live-em-comemoracao-ao-dia-internacional-de-museus","status":"publish","type":"post","link":"https:\/\/tvc16.com\/portal\/2021\/05\/17\/prefeitura-promove-live-em-comemoracao-ao-dia-internacional-de-museus\/","title":{"rendered":"Prefeitura promove live em comemora\u00e7\u00e3o ao Dia Internacional de Museus"},"content":{"rendered":"\n<p>Amanh\u00e3 (18\/05) \u00e9 comemorado o Dia Internacional de Museus, e por conta disso, o &#8220;IMC nas Redes \u2013 Conversas Culturais&#8221;&nbsp;ter\u00e1 como tema: &#8220;O futuro dos museus: recuperar e reimaginar&#8221;. A live ser\u00e1 transmitida nas redes da prefeitura (Facebook e Youtube) na&nbsp;quarta-feira (19), \u00e0s 19h30, com a participa\u00e7\u00e3o de representantes do Museu Imperial, Museu Pal\u00e1cio Rio Negro, Casa de Petr\u00f3polis Instituto de Cultura, Museu Casa de Santos Dumont, entre outros. A mediadora do encontro ser\u00e1 Ana Carolina Maciel, muse\u00f3loga do Museu Casa do Colono.<\/p>\n\n\n\n<p>&#8220;Vamos continuar fortalecendo o di\u00e1logo e ouvindo as pessoas. Esse encontro contribui para a difus\u00e3o cultural na nossa cidade&#8221;, ressalta o prefeito interino Hingo Hammes. &#8220;\u00c9 muito bonito ver que essa live representa, mesmo que uma pequena parte, a riqueza e a diversidade de museus presentes na cidade de Petr\u00f3polis&#8221;, disse Ana Carolina.<\/p>\n\n\n\n<p>&#8220;Esse evento representa um importante trabalho de conex\u00e3o e fortalecimento entre essas institui\u00e7\u00f5es culturais para debater o campo museal e nos inspirar para um futuro melhor, um futuro mais colaborativo, mais aberto ao di\u00e1logo, \u00e0s troca culturais e ao aprendizado&#8221;, completa a mediadora.<\/p>\n\n\n\n<p>O tema que norteia cada edi\u00e7\u00e3o da Semana Nacional de Museus \u00e9 aquele escolhido pelo Conselho Internacional dos Museus (ICOM) em comemora\u00e7\u00e3o do Dia Internacional de Museus e visa fomentar as discuss\u00f5es do campo museal e inspirar os eventos propostos pelas institui\u00e7\u00f5es mobilizadas no Brasil pelo Instituto Brasileiro de Museus (IBRAM).<\/p>\n\n\n\n<p>Esse ano o tema escolhido prop\u00f5e a reflex\u00e3o sobre o futuro dos museus. Por\u00e9m, s\u00f3 \u00e9 poss\u00edvel inspirar o futuro se existir um compromisso s\u00e9rio e cr\u00edtico com o passado e a\u00e7\u00f5es criativas no presente em prol do desenvolvimento social.<\/p>\n\n\n\n<p><strong>Sobre o projeto &#8220;IMC nas Redes &#8211; Conversas Culturais&#8221;<\/strong><\/p>\n\n\n\n<p>Toda&nbsp;quarta-feira, ser\u00e3o realizadas Lives nas redes sociais da Prefeitura de Petr\u00f3polis (Canal de Youtube e Facebook), visando promover encontros entre agentes culturais, institui\u00e7\u00f5es de relev\u00e2ncia, especialistas nas \u00e1reas dos diversos segmentos, procurando agregar informa\u00e7\u00f5es e conhecimento.&nbsp;<\/p>\n\n\n\n<p><strong>Convidados:<\/strong><\/p>\n\n\n\n<ol class=\"wp-block-list\"><li>Claudia Maria Souza Costa. Historiadora. Coordenadora T\u00e9cnica do Museu Imperial. IBRAM.<\/li><\/ol>\n\n\n\n<ol class=\"wp-block-list\" start=\"2\"><li>Cocco Bar\u00e7ante. Artista pl\u00e1stico e idealizador do Museu do Artesanato.<\/li><\/ol>\n\n\n\n<ol class=\"wp-block-list\" start=\"3\"><li>Jo\u00e3o Sergio da Silva Junior. Coordenador do Centro Cultural Esta\u00e7\u00e3o Nogueira- Museu do Trem. IMC.<\/li><\/ol>\n\n\n\n<ol class=\"wp-block-list\" start=\"4\"><li>Juliana Possas. Assessora de eventos e exposi\u00e7\u00f5es do Pal\u00e1cio Itabora\u00ed- Fiocruz Petr\u00f3polis.<\/li><\/ol>\n\n\n\n<ol class=\"wp-block-list\" start=\"5\"><li>Pedro Fideles. Historiador. Coordenador do Museu Pal\u00e1cio Rio Negro. IBRAM<\/li><\/ol>\n\n\n\n<ol class=\"wp-block-list\" start=\"6\"><li>Raquel Wider. Diretora da Casa de Petr\u00f3polis Instituto de Cultura.<\/li><\/ol>\n\n\n\n<ol class=\"wp-block-list\" start=\"7\"><li>Simone Wayand. Coordenadora do Museu Casa de Santos Dumont. IMC<\/li><\/ol>\n","protected":false},"excerpt":{"rendered":"<p>Amanh\u00e3 (18\/05) \u00e9 comemorado o Dia Internacional de Museus, e por conta disso, o &#8220;IMC<\/p>\n","protected":false},"author":2,"featured_media":14563,"comment_status":"open","ping_status":"open","sticky":false,"template":"","format":"standard","meta":{"footnotes":""},"categories":[12],"tags":[],"class_list":["post-14562","post","type-post","status-publish","format-standard","has-post-thumbnail","hentry","category-cidade"],"_links":{"self":[{"href":"https:\/\/tvc16.com\/portal\/wp-json\/wp\/v2\/posts\/14562","targetHints":{"allow":["GET"]}}],"collection":[{"href":"https:\/\/tvc16.com\/portal\/wp-json\/wp\/v2\/posts"}],"about":[{"href":"https:\/\/tvc16.com\/portal\/wp-json\/wp\/v2\/types\/post"}],"author":[{"embeddable":true,"href":"https:\/\/tvc16.com\/portal\/wp-json\/wp\/v2\/users\/2"}],"replies":[{"embeddable":true,"href":"https:\/\/tvc16.com\/portal\/wp-json\/wp\/v2\/comments?post=14562"}],"version-history":[{"count":1,"href":"https:\/\/tvc16.com\/portal\/wp-json\/wp\/v2\/posts\/14562\/revisions"}],"predecessor-version":[{"id":14564,"href":"https:\/\/tvc16.com\/portal\/wp-json\/wp\/v2\/posts\/14562\/revisions\/14564"}],"wp:featuredmedia":[{"embeddable":true,"href":"https:\/\/tvc16.com\/portal\/wp-json\/wp\/v2\/media\/14563"}],"wp:attachment":[{"href":"https:\/\/tvc16.com\/portal\/wp-json\/wp\/v2\/media?parent=14562"}],"wp:term":[{"taxonomy":"category","embeddable":true,"href":"https:\/\/tvc16.com\/portal\/wp-json\/wp\/v2\/categories?post=14562"},{"taxonomy":"post_tag","embeddable":true,"href":"https:\/\/tvc16.com\/portal\/wp-json\/wp\/v2\/tags?post=14562"}],"curies":[{"name":"wp","href":"https:\/\/api.w.org\/{rel}","templated":true}]}}