{"id":14571,"date":"2021-05-17T18:24:06","date_gmt":"2021-05-17T21:24:06","guid":{"rendered":"https:\/\/tvc16.com\/portal\/?p=14571"},"modified":"2021-05-17T18:24:08","modified_gmt":"2021-05-17T21:24:08","slug":"governo-espera-que-ifa-para-o-butantan-chegue-ate-o-fim-de-maio","status":"publish","type":"post","link":"https:\/\/tvc16.com\/portal\/2021\/05\/17\/governo-espera-que-ifa-para-o-butantan-chegue-ate-o-fim-de-maio\/","title":{"rendered":"Governo espera que IFA para o Butantan chegue at\u00e9 o fim de maio"},"content":{"rendered":"\n<h3 class=\"wp-block-heading\">Secret\u00e1rio do Minist\u00e9rio da Sa\u00fade falou em audi\u00eancia p\u00fablica no Senado<\/h3>\n\n\n\n<h4 class=\"wp-block-heading\">Por Karine Melo \u2013 Rep\u00f3rter da Ag\u00eancia Brasil &#8211; Bras\u00edlia<br>Atualizado em 17\/05\/2021 &#8211; 14:58<\/h4>\n\n\n\n<p>O secret\u00e1rio executivo do Minist\u00e9rio da Sa\u00fade, Rodrigo Cruz, disse hoje (17) que o ingrediente farmac\u00eautico ativo (IFA) para a&nbsp;<a href=\"https:\/\/agenciabrasil.ebc.com.br\/saude\/noticia\/2021-05\/butantan-paralisa-producao-de-vacinas-por-falta-de-insumos\" target=\"_blank\" rel=\"noreferrer noopener\">retomada da produ\u00e7\u00e3o<\/a>&nbsp;da Coronavac pelo Instituto Butantan, paralisada na semana passada, pode chegar ainda este m\u00eas ao Brasil.<img decoding=\"async\" src=\"https:\/\/agenciabrasil.ebc.com.br\/ebc.png?id=1409937&amp;o=node\"><img decoding=\"async\" src=\"https:\/\/agenciabrasil.ebc.com.br\/ebc.gif?id=1409937&amp;o=node\"><\/p>\n\n\n\n<p>\u201cExiste a possibilidade de remessa do IFA do Butantan ainda no m\u00eas de maio \u2013 hoje a gente vai ter a confirma\u00e7\u00e3o. (\u2026) H\u00e1 uma expectativa, uma sinaliza\u00e7\u00e3o para que isso chegue aqui por volta do dia 25, mas ainda pendente de confirma\u00e7\u00e3o por parte da China\u201d, disse Cruz, durante audi\u00eancia p\u00fablica da Comiss\u00e3o Tempor\u00e1ria da Covid-19 do Senado que debateu os entraves para a aquisi\u00e7\u00e3o de vacinas pelo Brasil.<\/p>\n\n\n\n<p>Sobre o IFA para a produ\u00e7\u00e3o de cerca de 12 milh\u00f5es de doses da vacina AstraZeneca\/Oxford, pela Funda\u00e7\u00e3o Oswaldo Cruz ( Fiocruz), o secret\u00e1rio disse que&nbsp;<a href=\"https:\/\/agenciabrasil.ebc.com.br\/saude\/noticia\/2021-05\/fiocruz-deve-receber-nova-remessa-de-ifa-no-sabado\" target=\"_blank\" rel=\"noreferrer noopener\">remessa chegar\u00e1 ao Brasil<\/a>&nbsp;nos dias 22 e 29 de maio.<\/p>\n\n\n\n<h2 class=\"wp-block-heading\">Vacinas<\/h2>\n\n\n\n<p>Aos parlamentares, Rodrigo Cruz disse ainda que a estrat\u00e9gia do governo brasileiro \u00e9 antecipar, para o primeiro semestre, a entrega de vacinas j\u00e1 contratadas no mercado internacional. Segundo ele, o pa\u00eds tem acordos para a compra de mais de 600 milh\u00f5es de doses com diversas farmac\u00eauticas.<\/p>\n\n\n\n<p>O secret\u00e1rio explicou \u00e0 comiss\u00e3o que o Brasil j\u00e1 manifestou interesse em adquirir vacinas contra o coronav\u00edrus a todos os laborat\u00f3rios que podem ofertar imunizante para o primeiro semestre. Outra estrat\u00e9gia \u00e9 conversar com pa\u00edses que agora t\u00eam menos urg\u00eancia que o Brasil em adquirir doses.<\/p>\n\n\n\n<p>\u201cTemos conversado tamb\u00e9m com pa\u00edses que est\u00e3o em processo de imuniza\u00e7\u00e3o mais avan\u00e7ado para saber se eles t\u00eam interesse em fazer uma troca. Minha entrega que estava prevista para o \u00faltimo trimestre iria para voc\u00ea, e a sua que estava prevista para este m\u00eas viria para o Brasil\u201d, detalhou.<\/p>\n\n\n\n<figure class=\"wp-block-image\"><img decoding=\"async\" src=\"https:\/\/imagens.ebc.com.br\/1zGC6yFgrVK1QgOuyiz93Vqg06I=\/754x0\/smart\/https:\/\/agenciabrasil.ebc.com.br\/sites\/default\/files\/thumbnails\/image\/comissao_temporaria_covid-19.png?itok=-dQtDlJj\" alt=\"Senadores e convidados em reuni\u00e3o remota da Comiss\u00e3o Tempor\u00e1ria da Covid-19, nesta segunda.\" title=\"Reprodu\u00e7\u00e3o\/TV Senado\"\/><\/figure>\n\n\n\n<h6 class=\"wp-block-heading\">Parlamentares e convidados durante audi\u00eancia p\u00fablica&nbsp;<em>online<\/em>&nbsp;da Comiss\u00e3o Tempor\u00e1ria da covid-19 do Senado &#8211;&nbsp;<strong>Reprodu\u00e7\u00e3o\/TV Senado<\/strong><\/h6>\n\n\n\n<h2 class=\"wp-block-heading\">Itamaraty<\/h2>\n\n\n\n<p>Tamb\u00e9m durante a audi\u00eancia de hoje, o ministro do Departamento de Direitos Humanos e Cidadania do Minist\u00e9rio de Rela\u00e7\u00f5es Exteriores, Jo\u00e3o Lucas de Almeida, destacou que governo Federal tem se empenhado para liberar IFAs.<\/p>\n\n\n\n<p>\u201cA dificuldade nossa \u00e9 de curto prazo: \u00e9 superar esses obst\u00e1culos neste m\u00eas de maio, no pr\u00f3ximo m\u00eas de junho, e chegar ao segundo semestre do ano com ofertas suficientes de vacinas. Para isso, o Itamaraty tem feito reiteradas gest\u00f5es diplom\u00e1ticas para obter licen\u00e7a de exporta\u00e7\u00e3o na China e liberar os IFAs, os famosos IFAs, que s\u00e3o necess\u00e1rios \u00e0 produ\u00e7\u00e3o tanto da vacina AstraZeneca quanto da vacina do Instituto Butantan\u201d, disse.<\/p>\n\n\n\n<p>Jo\u00e3o Lucas de Almeida destacou aos senadores que, com o avan\u00e7o da vacina\u00e7\u00e3o em alguns pa\u00edses, come\u00e7a tamb\u00e9m a surgir a possibilidade de excedente de doses de vacinas. \u201cTemos buscado identificar esses excedentes e temos realizado gest\u00f5es junto a esses pa\u00edses para obter essas doses adicionais, seja a t\u00edtulo de doa\u00e7\u00e3o, compra, adiantamento de imunizantes&#8230; E temos boas indica\u00e7\u00f5es a respeito disso\u201d, adiantou lembrando que a importa\u00e7\u00e3o e a distribui\u00e7\u00e3o de vacinas e medicamentos dependem da autoriza\u00e7\u00e3o da Anvisa.<\/p>\n\n\n\n<p>Nesse sentido, o Itamaraty tem prestado todo o apoio t\u00e9cnico \u00e0 ag\u00eancia para realizar inspe\u00e7\u00f5es tempestivas em f\u00e1bricas de insumos e de vacinas na China, na \u00cdndia e, mais recentemente, na pr\u00f3pria R\u00fassia.<\/p>\n\n\n\n<h2 class=\"wp-block-heading\">Sputnik V<\/h2>\n\n\n\n<p>O embaixador da R\u00fassia no Brasil, Alexey Labetskiy, que j\u00e1 recebeu as duas doses da vacina Sputnik V, em Moscou, defendeu na audi\u00eancia p\u00fablica a seguran\u00e7a e efici\u00eancia do imunizante.<\/p>\n\n\n\n<p>\u201c\u00c9 uma vacina que d\u00e1 efeito e garante a prote\u00e7\u00e3o de mais de 91%\u201d, disse. Sob a&nbsp;<a href=\"https:\/\/agenciabrasil.ebc.com.br\/saude\/noticia\/2021-05\/anvisa-informa-stf-sobre-pendencias-para-autorizar-vacina-sputnik-v\" target=\"_blank\" rel=\"noreferrer noopener\">justificativa de falta de documenta\u00e7\u00e3o<\/a>&nbsp;com garantias exigidas pela Anvisa, a ag\u00eancia brasileira&nbsp;<a href=\"https:\/\/agenciabrasil.ebc.com.br\/saude\/noticia\/2021-04\/diretoria-da-anvisa-rejeita-importacao-e-uso-da-sputnik-v\" target=\"_blank\" rel=\"noreferrer noopener\">negou pedidos de autoriza\u00e7\u00e3o<\/a>&nbsp;de uso emergencial do imunizante russo. Sem mencionar as pend\u00eancias, o embaixador disse que, caso necess\u00e1rio, ele e a fam\u00edlia seriam &#8220;coelhos de experimentos&#8221; para atestar a seguran\u00e7a da vacina.<\/p>\n\n\n\n<p>O Minist\u00e9rio da Sa\u00fade tem um contrato assinado para compra de 10 milh\u00f5es de doses do imunizante Sputnik V. Outras 38 milh\u00f5es de doses foram encomendadas por governos estaduais.<\/p>\n\n\n\n<h2 class=\"wp-block-heading\">Visita<\/h2>\n\n\n\n<p>A senadora K\u00e1tia Abreu (PP-TO), que tamb\u00e9m \u00e9 presidente da Comiss\u00e3o de Rela\u00e7\u00f5es Exteriores da Casa defendeu a ida de uma comitiva brasileira a Pequim para negociar a compra de uma outra vacina contra o novo coronav\u00edrus produzida pela farmac\u00eautica estatal chinesa Sinopharm. Segundo a senadora, apesar de j\u00e1 ter autoriza\u00e7\u00e3o da Anvisa para venda, o imunizante n\u00e3o tem sido privilegiado em compras realizadas pelo governo brasileiro.<\/p>\n\n\n\n<p>K\u00e1tia Abreu sugeriu que a comitiva seja formada por senadores e representantes do Minist\u00e9rio da Sa\u00fade, da Anvisa e de laborat\u00f3rios privados que produzem vacinas contra a febre aftosa. K\u00e1tia Abreu defende que essas f\u00e1bricas, originalmente voltadas \u00e0 produ\u00e7\u00e3o de imunizante animal, sejam adaptadas para elaborar o imunizante da estatal chinesa.<\/p>\n\n\n\n<p><em>T\u00edtulo e ordem dos par\u00e1grafos alterados \u00e0s 14h58.<\/em><\/p>\n\n\n\n<p>Edi\u00e7\u00e3o: Denise Griesinger<\/p>\n","protected":false},"excerpt":{"rendered":"<p>Secret\u00e1rio do Minist\u00e9rio da Sa\u00fade falou em audi\u00eancia p\u00fablica no Senado Por Karine Melo \u2013<\/p>\n","protected":false},"author":2,"featured_media":14572,"comment_status":"open","ping_status":"open","sticky":false,"template":"","format":"standard","meta":{"footnotes":""},"categories":[17],"tags":[],"class_list":["post-14571","post","type-post","status-publish","format-standard","has-post-thumbnail","hentry","category-outras-noticias"],"_links":{"self":[{"href":"https:\/\/tvc16.com\/portal\/wp-json\/wp\/v2\/posts\/14571","targetHints":{"allow":["GET"]}}],"collection":[{"href":"https:\/\/tvc16.com\/portal\/wp-json\/wp\/v2\/posts"}],"about":[{"href":"https:\/\/tvc16.com\/portal\/wp-json\/wp\/v2\/types\/post"}],"author":[{"embeddable":true,"href":"https:\/\/tvc16.com\/portal\/wp-json\/wp\/v2\/users\/2"}],"replies":[{"embeddable":true,"href":"https:\/\/tvc16.com\/portal\/wp-json\/wp\/v2\/comments?post=14571"}],"version-history":[{"count":1,"href":"https:\/\/tvc16.com\/portal\/wp-json\/wp\/v2\/posts\/14571\/revisions"}],"predecessor-version":[{"id":14573,"href":"https:\/\/tvc16.com\/portal\/wp-json\/wp\/v2\/posts\/14571\/revisions\/14573"}],"wp:featuredmedia":[{"embeddable":true,"href":"https:\/\/tvc16.com\/portal\/wp-json\/wp\/v2\/media\/14572"}],"wp:attachment":[{"href":"https:\/\/tvc16.com\/portal\/wp-json\/wp\/v2\/media?parent=14571"}],"wp:term":[{"taxonomy":"category","embeddable":true,"href":"https:\/\/tvc16.com\/portal\/wp-json\/wp\/v2\/categories?post=14571"},{"taxonomy":"post_tag","embeddable":true,"href":"https:\/\/tvc16.com\/portal\/wp-json\/wp\/v2\/tags?post=14571"}],"curies":[{"name":"wp","href":"https:\/\/api.w.org\/{rel}","templated":true}]}}