{"id":14574,"date":"2021-05-17T18:25:10","date_gmt":"2021-05-17T21:25:10","guid":{"rendered":"https:\/\/tvc16.com\/portal\/?p=14574"},"modified":"2021-05-17T18:25:12","modified_gmt":"2021-05-17T21:25:12","slug":"vacina-e-esperanca-para-por-fim-a-pandemia-diz-queiroga","status":"publish","type":"post","link":"https:\/\/tvc16.com\/portal\/2021\/05\/17\/vacina-e-esperanca-para-por-fim-a-pandemia-diz-queiroga\/","title":{"rendered":"Vacina \u00e9 esperan\u00e7a para p\u00f4r fim \u00e0 pandemia, diz Queiroga"},"content":{"rendered":"\n<h3 class=\"wp-block-heading\">Ministro da Sa\u00fade visitou Instituto Bio-Manguinhos da Fiocruz no Rio<\/h3>\n\n\n\n<h4 class=\"wp-block-heading\">Por Ag\u00eancia Brasil &#8211; Rio de Janeiro<\/h4>\n\n\n\n<p>O ministro da Sa\u00fade, Marcelo Queiroga, visitou hoje (17) as instala\u00e7\u00f5es da f\u00e1brica do Instituto de Tecnologia em Imunobiol\u00f3gicos (Bio-Manguinhos), na Funda\u00e7\u00e3o Oswaldo Cruz (Fiocruz), em Manguinhos, zona norte do Rio de Janeiro.<img decoding=\"async\" src=\"https:\/\/agenciabrasil.ebc.com.br\/ebc.png?id=1409943&amp;o=node\"><img decoding=\"async\" src=\"https:\/\/agenciabrasil.ebc.com.br\/ebc.gif?id=1409943&amp;o=node\"><\/p>\n\n\n\n<p>A Fiocruz espera entregar 30 milh\u00f5es de doses da vacina Oxford-AstraZeneca ao Programa Nacional de Imuniza\u00e7\u00f5es at\u00e9 meados de junho. Cerca de 18 milh\u00f5es de doses est\u00e3o atualmente em processo de controle de qualidade na institui\u00e7\u00e3o, enquanto o restante ser\u00e1 produzido com a chegada do Ingrediente Farmac\u00eautico Ativo (IFA) vindo da China, prevista para os dias 22 e 29 deste m\u00eas.<\/p>\n\n\n\n<p>\u201c\u00c9 a esperan\u00e7a para a popula\u00e7\u00e3o e para p\u00f4r fim \u00e0 pandemia&#8221;, comentou o ministro sobre a vacina contra a covid-19.<\/p>\n\n\n\n<p>A Fiocruz trabalha para come\u00e7ar a produ\u00e7\u00e3o do IFA ainda este m\u00eas. A distribui\u00e7\u00e3o das doses 100% nacional da vacina contra a covid-19 est\u00e1 prevista para o segundo semestre deste ano.<\/p>\n\n\n\n<p>Acompanharam o ministro na visita os presidentes das federa\u00e7\u00f5es das ind\u00fastrias do Rio de Janeiro, Eduardo Eug\u00eanio Gouv\u00eaa Vieira, e de S\u00e3o Paulo, Paulo Skaf.<\/p>\n\n\n\n<p>Queiroga tamb\u00e9m pediu a colabora\u00e7\u00e3o da ind\u00fastria para a compra de insumos para aumentar a testagem no Brasil e para adquirir equipamentos de prote\u00e7\u00e3o individual, como m\u00e1scaras e \u00e1lcool em gel.<\/p>\n\n\n\n<p>A presidente da Fiocruz, N\u00edsia Trindade, explicou que a funda\u00e7\u00e3o criou uma estrutura para enfrentar a doen\u00e7a. \u201cCom a covid-19, estamos construindo um biobanco que ser\u00e1 muito importante nas a\u00e7\u00f5es futuras. Temos que sair da situa\u00e7\u00e3o pand\u00eamica preparados\u201d, afirmou N\u00edsia.<\/p>\n\n\n\n<p>Edi\u00e7\u00e3o: Val\u00e9ria Aguiar<\/p>\n","protected":false},"excerpt":{"rendered":"<p>Ministro da Sa\u00fade visitou Instituto Bio-Manguinhos da Fiocruz no Rio Por Ag\u00eancia Brasil &#8211; Rio<\/p>\n","protected":false},"author":2,"featured_media":14575,"comment_status":"open","ping_status":"open","sticky":false,"template":"","format":"standard","meta":{"footnotes":""},"categories":[17],"tags":[],"class_list":["post-14574","post","type-post","status-publish","format-standard","has-post-thumbnail","hentry","category-outras-noticias"],"_links":{"self":[{"href":"https:\/\/tvc16.com\/portal\/wp-json\/wp\/v2\/posts\/14574","targetHints":{"allow":["GET"]}}],"collection":[{"href":"https:\/\/tvc16.com\/portal\/wp-json\/wp\/v2\/posts"}],"about":[{"href":"https:\/\/tvc16.com\/portal\/wp-json\/wp\/v2\/types\/post"}],"author":[{"embeddable":true,"href":"https:\/\/tvc16.com\/portal\/wp-json\/wp\/v2\/users\/2"}],"replies":[{"embeddable":true,"href":"https:\/\/tvc16.com\/portal\/wp-json\/wp\/v2\/comments?post=14574"}],"version-history":[{"count":1,"href":"https:\/\/tvc16.com\/portal\/wp-json\/wp\/v2\/posts\/14574\/revisions"}],"predecessor-version":[{"id":14576,"href":"https:\/\/tvc16.com\/portal\/wp-json\/wp\/v2\/posts\/14574\/revisions\/14576"}],"wp:featuredmedia":[{"embeddable":true,"href":"https:\/\/tvc16.com\/portal\/wp-json\/wp\/v2\/media\/14575"}],"wp:attachment":[{"href":"https:\/\/tvc16.com\/portal\/wp-json\/wp\/v2\/media?parent=14574"}],"wp:term":[{"taxonomy":"category","embeddable":true,"href":"https:\/\/tvc16.com\/portal\/wp-json\/wp\/v2\/categories?post=14574"},{"taxonomy":"post_tag","embeddable":true,"href":"https:\/\/tvc16.com\/portal\/wp-json\/wp\/v2\/tags?post=14574"}],"curies":[{"name":"wp","href":"https:\/\/api.w.org\/{rel}","templated":true}]}}