{"id":14577,"date":"2021-05-17T18:26:18","date_gmt":"2021-05-17T21:26:18","guid":{"rendered":"https:\/\/tvc16.com\/portal\/?p=14577"},"modified":"2021-05-17T18:26:20","modified_gmt":"2021-05-17T21:26:20","slug":"pesquisa-sera-base-para-campanha-sobre-descarte-de-epis-domesticos","status":"publish","type":"post","link":"https:\/\/tvc16.com\/portal\/2021\/05\/17\/pesquisa-sera-base-para-campanha-sobre-descarte-de-epis-domesticos\/","title":{"rendered":"Pesquisa ser\u00e1 base para campanha sobre descarte de EPIs dom\u00e9sticos"},"content":{"rendered":"\n<h3 class=\"wp-block-heading\">Levantamento vai ver se brasileiro sabe como descartar o material<\/h3>\n\n\n\n<h4 class=\"wp-block-heading\">Por Alana Gandra &#8211; Rep\u00f3rter da Ag\u00eancia Brasil &#8211; Rio de Janeiro<\/h4>\n\n\n\n<p>Pesquisa&nbsp;<em>online<\/em>&nbsp;lan\u00e7ada pelo Projeto Coral Vivo quer descobrir se os brasileiros sabem se existe em suas cidades uma forma de fazer o descarte adequado de equipamentos de prote\u00e7\u00e3o individual (EPIs) contra a covid-19, entre os quais m\u00e1scaras, luvas e toucas, e se est\u00e3o informados sobre esses locais. A pesquisa&nbsp;<a href=\"http:\/\/bit.ly\/lixomarinhoCV\" target=\"_blank\" rel=\"noreferrer noopener\">ficar\u00e1 dispon\u00edvel<\/a>&nbsp;para receber contribui\u00e7\u00f5es das pessoas at\u00e9 o pr\u00f3ximo dia 27.<img decoding=\"async\" src=\"https:\/\/agenciabrasil.ebc.com.br\/ebc.png?id=1409945&amp;o=node\"><img decoding=\"async\" src=\"https:\/\/agenciabrasil.ebc.com.br\/ebc.gif?id=1409945&amp;o=node\"><\/p>\n\n\n\n<p>A coordenadora de Educa\u00e7\u00e3o do Projeto Coral Vivo, Tha\u00eds Melo, disse hoje (17) \u00e0&nbsp;<strong>Ag\u00eancia Brasil<\/strong>&nbsp;que h\u00e1 suspeita de que esse material n\u00e3o est\u00e1 sendo descartado da maneira correta. Para confirmar essa suspeita, o projeto est\u00e1 pedindo a ajuda das pessoas, porque muitos EPIs dom\u00e9sticos usados na prote\u00e7\u00e3o contra o novo coronav\u00edrus est\u00e3o sendo descartados, inclusive nos oceanos, como res\u00edduos comuns. \u201cS\u00f3 que eles podem estar contaminados e deveriam ser tratados como lixo hospitalar. Tem que ter um descarte adequado\u201d, apontou. Ressaltou tamb\u00e9m que os garis e catadores podem ter contato com esse material e acabar sendo contaminados.<\/p>\n\n\n\n<p>Segundo destacou Tha\u00eds Melo, o Projeto Coral Vivo tem uma dupla preocupa\u00e7\u00e3o com o descarte incorreto de m\u00e1scaras e luvas, principalmente. A primeira est\u00e1 ligada ao fato desse material estar contaminado e virando um problema de sa\u00fade p\u00fablica. A segunda preocupa\u00e7\u00e3o \u00e9 a quest\u00e3o f\u00edsica da m\u00e1scara que acaba indo parar nas praias e nos mares, o que tem gerado grandes preju\u00edzos aos organismos marinhos.<\/p>\n\n\n\n<h2 class=\"wp-block-heading\">Campanha nacional<\/h2>\n\n\n\n<p>A partir do resultado da pesquisa, que vai tra\u00e7ar um panorama da realidade, o Projeto Coral Vivo pretende fazer uma campanha nacional de descarte correto, buscando parcerias com o Poder P\u00fablico, prefeituras, empresas. \u201cPara que a gente tenha um olhar para isso e consiga desenvolver a\u00e7\u00f5es que minimizem os impactos que esse material contaminado possa estar gerando, n\u00e3o s\u00f3 para a sociedade, mas para o ambiente\u201d, afirmou Tha\u00eds.<\/p>\n\n\n\n<p>O Projeto Coral Vivo \u00e9 patrocinado pelo Programa Petrobras Ambiental e desenvolve v\u00e1rios projetos de combate ao lixo marinho, desde trabalhos educativos com alunos, professores e gestores em unidades escolares, a\u00e7\u00f5es de pol\u00edtica p\u00fablica e a\u00e7\u00f5es mais pontuais como, por exemplo, limpeza de praias, onde o lixo \u00e9 categorizado e parte dos res\u00edduos \u00e9 enviada para reciclagem. \u201cA gente vai transformando essas a\u00e7\u00f5es em a\u00e7\u00f5es de ci\u00eancia cidad\u00e3 porque a gente tem no resultado a porcentagem de cada tipo de res\u00edduo. A gente n\u00e3o faz s\u00f3 a limpeza das praias, mas depois a gente tem toda essa classifica\u00e7\u00e3o desse res\u00edduos que foram coletados\u201d, manifestou a coordenadora.<\/p>\n\n\n\n<p>Em raz\u00e3o da pandemia, o Projeto Coral Vivo n\u00e3o realizou a limpeza das praias e mares este ano e no ano passado. Mas de acordo com levantamento divulgado pela organiza\u00e7\u00e3o n\u00e3o governamental (ONG)&nbsp;<em>Ocean Conservancy<\/em>&nbsp;em dezembro do ano passado, est\u00e3o sendo jogadas nos oceanos Atl\u00e2ntico, Pac\u00edfico e \u00cdndico 129 bilh\u00f5es de m\u00e1scaras descart\u00e1veis e 65 bilh\u00f5es de luvas pl\u00e1sticas por m\u00eas. E ningu\u00e9m sabe ainda em quanto tempo esse material ser\u00e1 decomposto. A forma mais recomendada de descartar esses materiais \u00e9 embalando-os em um saco pl\u00e1stico, que deve ser fechado antes de ser jogado na lixeira.<\/p>\n\n\n\n<h2 class=\"wp-block-heading\">Ingest\u00e3o<\/h2>\n\n\n\n<p>Em entrevista ao Jornal da Universidade de S\u00e3o Paulo (USP), o professor Alexande Turra, do Departamento de Oceanografia Biol\u00f3gica do Instituto Oceanogr\u00e1fico da USP, chamou a aten\u00e7\u00e3o para os s\u00e9rios riscos que correm os organismos marinhos diante do descarte incorreto desses materiais, que podem ser ingeridos pelos animais, inclusive quando se degradam no longo prazo gerando fragmentos conhecidos como micropl\u00e1sticos. Turra observou que a ingest\u00e3o desses res\u00edduos \u201cleva, normalmente, a uma falsa sensa\u00e7\u00e3o de que o organismo est\u00e1 saciado em termos de alimenta\u00e7\u00e3o e isso leva os animais a um processo de inani\u00e7\u00e3o que acaba, muitas vezes, levando \u00e0 morte\u201d.<\/p>\n\n\n\n<p>A pesquisa do Projeto Coral Vivo objetiva ainda conscientizar a sociedade sobre a import\u00e2ncia do cuidado com o pr\u00f3ximo e com os seres marinhos, muito afetados pelo grande volume de equipamentos de prote\u00e7\u00e3o pessoal que chega aos oceanos.<\/p>\n\n\n\n<p>O Projeto Coral Vivo trabalha com pesquisa, educa\u00e7\u00e3o, pol\u00edticas p\u00fablicas, comunica\u00e7\u00e3o e sensibiliza\u00e7\u00e3o para a conserva\u00e7\u00e3o e a sustentabilidade socioambiental dos ambientes recifais e coral\u00edneos do Brasil. Concebido no Museu Nacional da Universidade Federal do Rio de Janeiro (UFRJ), hoje \u00e9 realizado por catorze universidades e institutos de pesquisa. Est\u00e1 vinculado ao Instituto Coral Vivo, que \u00e9 o coordenador executivo do Plano de A\u00e7\u00e3o Nacional para a Conserva\u00e7\u00e3o dos Ambientes Coral\u00edneos (PAN Corais).<\/p>\n\n\n\n<p>Edi\u00e7\u00e3o: Aline Leal<\/p>\n","protected":false},"excerpt":{"rendered":"<p>Levantamento vai ver se brasileiro sabe como descartar o material Por Alana Gandra &#8211; Rep\u00f3rter<\/p>\n","protected":false},"author":2,"featured_media":14578,"comment_status":"open","ping_status":"open","sticky":false,"template":"","format":"standard","meta":{"footnotes":""},"categories":[17],"tags":[],"class_list":["post-14577","post","type-post","status-publish","format-standard","has-post-thumbnail","hentry","category-outras-noticias"],"_links":{"self":[{"href":"https:\/\/tvc16.com\/portal\/wp-json\/wp\/v2\/posts\/14577","targetHints":{"allow":["GET"]}}],"collection":[{"href":"https:\/\/tvc16.com\/portal\/wp-json\/wp\/v2\/posts"}],"about":[{"href":"https:\/\/tvc16.com\/portal\/wp-json\/wp\/v2\/types\/post"}],"author":[{"embeddable":true,"href":"https:\/\/tvc16.com\/portal\/wp-json\/wp\/v2\/users\/2"}],"replies":[{"embeddable":true,"href":"https:\/\/tvc16.com\/portal\/wp-json\/wp\/v2\/comments?post=14577"}],"version-history":[{"count":1,"href":"https:\/\/tvc16.com\/portal\/wp-json\/wp\/v2\/posts\/14577\/revisions"}],"predecessor-version":[{"id":14579,"href":"https:\/\/tvc16.com\/portal\/wp-json\/wp\/v2\/posts\/14577\/revisions\/14579"}],"wp:featuredmedia":[{"embeddable":true,"href":"https:\/\/tvc16.com\/portal\/wp-json\/wp\/v2\/media\/14578"}],"wp:attachment":[{"href":"https:\/\/tvc16.com\/portal\/wp-json\/wp\/v2\/media?parent=14577"}],"wp:term":[{"taxonomy":"category","embeddable":true,"href":"https:\/\/tvc16.com\/portal\/wp-json\/wp\/v2\/categories?post=14577"},{"taxonomy":"post_tag","embeddable":true,"href":"https:\/\/tvc16.com\/portal\/wp-json\/wp\/v2\/tags?post=14577"}],"curies":[{"name":"wp","href":"https:\/\/api.w.org\/{rel}","templated":true}]}}