{"id":14586,"date":"2021-05-18T09:33:16","date_gmt":"2021-05-18T12:33:16","guid":{"rendered":"https:\/\/tvc16.com\/portal\/?p=14586"},"modified":"2021-05-18T09:33:18","modified_gmt":"2021-05-18T12:33:18","slug":"prefeitura-reajusta-em-10-valor-do-aluguel-social-do-municipio","status":"publish","type":"post","link":"https:\/\/tvc16.com\/portal\/2021\/05\/18\/prefeitura-reajusta-em-10-valor-do-aluguel-social-do-municipio\/","title":{"rendered":"Prefeitura reajusta em 10% valor do Aluguel Social do munic\u00edpio"},"content":{"rendered":"\n<p>Valor de R$ 550 ser\u00e1 liberado no m\u00eas que vem, no pagamento referente ao m\u00eas de maio<\/p>\n\n\n\n<p>O prefeito interino Hingo Hammes anunciou que a prefeitura come\u00e7a a pagar, a partir do dia 10 de junho, o novo valor do Aluguel Social municipal. O aumento foi sancionado no dia 12 de maio e publicado no Di\u00e1rio Oficial. Os benefici\u00e1rios passam a receber R$ 550 &#8211; um reajuste de 10% em rela\u00e7\u00e3o ao valor anterior. Atualmente, 174 fam\u00edlias s\u00e3o beneficiadas pelo aluguel pago pelo munic\u00edpio.<\/p>\n\n\n\n<p>O Aluguel Social, que \u00e9 destinado a atender necessidades de fam\u00edlias que perderam seus im\u00f3veis em fun\u00e7\u00e3o das chuvas no munic\u00edpio ou pela situa\u00e7\u00e3o de risco, n\u00e3o era reajustado desde 2014.<\/p>\n\n\n\n<p>\u201cS\u00e3o sete anos sem reajuste. As fam\u00edlias que s\u00e3o cadastradas no Aluguel Social do munic\u00edpio, pago pela Prefeitura, poder\u00e3o contar com novos valores a partir do m\u00eas que vem. \u00c9 um recurso importante, que faz diferen\u00e7a no or\u00e7amento das fam\u00edlias\u201d, disse o prefeito Hingo Hammes, lembrando que a Prefeitura tamb\u00e9m vai criar uma comiss\u00e3o para fazer o acompanhamento do benef\u00edcio e analisar reajustes, o que dever\u00e1 ser feito anualmente. \u201c\u00c9 importante termos este dispositivo legal, assegurando a revis\u00e3o anual dos valores\u201d, lembrou.<\/p>\n\n\n\n<p>\u201cEsse aumento no Aluguel Social \u00e9 uma grande conquista, j\u00e1 que h\u00e1 sete anos n\u00e3o tinha um reajuste sequer. Os benefici\u00e1rios poder\u00e3o contar com os novos valores no m\u00eas que vem, um avan\u00e7o do governo municipal em suas pol\u00edticas sociais\u201d, finalizou a secret\u00e1ria de assist\u00eancia social, Rosane Borsato.<\/p>\n","protected":false},"excerpt":{"rendered":"<p>Valor de R$ 550 ser\u00e1 liberado no m\u00eas que vem, no pagamento referente ao m\u00eas<\/p>\n","protected":false},"author":2,"featured_media":14587,"comment_status":"open","ping_status":"open","sticky":false,"template":"","format":"standard","meta":{"footnotes":""},"categories":[12],"tags":[],"class_list":["post-14586","post","type-post","status-publish","format-standard","has-post-thumbnail","hentry","category-cidade"],"_links":{"self":[{"href":"https:\/\/tvc16.com\/portal\/wp-json\/wp\/v2\/posts\/14586","targetHints":{"allow":["GET"]}}],"collection":[{"href":"https:\/\/tvc16.com\/portal\/wp-json\/wp\/v2\/posts"}],"about":[{"href":"https:\/\/tvc16.com\/portal\/wp-json\/wp\/v2\/types\/post"}],"author":[{"embeddable":true,"href":"https:\/\/tvc16.com\/portal\/wp-json\/wp\/v2\/users\/2"}],"replies":[{"embeddable":true,"href":"https:\/\/tvc16.com\/portal\/wp-json\/wp\/v2\/comments?post=14586"}],"version-history":[{"count":1,"href":"https:\/\/tvc16.com\/portal\/wp-json\/wp\/v2\/posts\/14586\/revisions"}],"predecessor-version":[{"id":14588,"href":"https:\/\/tvc16.com\/portal\/wp-json\/wp\/v2\/posts\/14586\/revisions\/14588"}],"wp:featuredmedia":[{"embeddable":true,"href":"https:\/\/tvc16.com\/portal\/wp-json\/wp\/v2\/media\/14587"}],"wp:attachment":[{"href":"https:\/\/tvc16.com\/portal\/wp-json\/wp\/v2\/media?parent=14586"}],"wp:term":[{"taxonomy":"category","embeddable":true,"href":"https:\/\/tvc16.com\/portal\/wp-json\/wp\/v2\/categories?post=14586"},{"taxonomy":"post_tag","embeddable":true,"href":"https:\/\/tvc16.com\/portal\/wp-json\/wp\/v2\/tags?post=14586"}],"curies":[{"name":"wp","href":"https:\/\/api.w.org\/{rel}","templated":true}]}}