{"id":14589,"date":"2021-05-18T09:51:25","date_gmt":"2021-05-18T12:51:25","guid":{"rendered":"https:\/\/tvc16.com\/portal\/?p=14589"},"modified":"2021-05-18T09:51:27","modified_gmt":"2021-05-18T12:51:27","slug":"quase-74-mil-pessoas-ja-se-vacinaram-contra-covid-19-em-petropolis","status":"publish","type":"post","link":"https:\/\/tvc16.com\/portal\/2021\/05\/18\/quase-74-mil-pessoas-ja-se-vacinaram-contra-covid-19-em-petropolis\/","title":{"rendered":"Quase 74 mil pessoas j\u00e1 se vacinaram contra covid-19 em Petr\u00f3polis"},"content":{"rendered":"\n<p>As equipes de enfermagem, sob coordena\u00e7\u00e3o do departamento de Vigil\u00e2ncia em Sa\u00fade, deram sequ\u00eancia nesta segunda (17\/05) a vacina\u00e7\u00e3o contra a Covid-19. Durante todo o dia, 2.134 pessoas foram vacinadas na cidade. Destas 1.976 receberam a primeira dose e 158 receberam a segunda dose. At\u00e9 o momento 74.960 pessoas receberam a primeira dose. Destas, 32.622 receberam a segunda dose do imunizante.<\/p>\n\n\n\n<p>Nos pontos de imuniza\u00e7\u00e3o foram vacinados 208 idosos, sendo 134 com a primeira dose e 74 com a segunda. Equipes do Servi\u00e7o de atendimento domiciliar vacinaram 28 idosos acamados com a segunda dose e ainda dois pacientes cr\u00f4nicos receberam a segunda dose. Foram vacinados ainda 19 deficientes e 1.671 pessoas com comorbidades. Tamb\u00e9m foram vacinadas tr\u00eas gestantes e duas pu\u00e9rperas.Em paralelo, as equipes vacinaram 186 trabalhadores da Sa\u00fade, sendo 136 com a primeira dose e 50 com a segunda dose do imunizante.<\/p>\n\n\n\n<p>A campanha de imuniza\u00e7\u00e3o contra a covid-19 segue em 10 pontos de vacina\u00e7\u00e3o da cidade. Para profissionais da \u00e1rea de Sa\u00fade, a vacina\u00e7\u00e3o acontece na Casa da Educa\u00e7\u00e3o \u2013 Casa do Visconde de Mau\u00e1 (Centro). Para os demais p\u00fablicos a vacina\u00e7\u00e3o segue no Petropolitano Futebol Clube (Centro), no Esporte Clube Correas (Correas), no Clube Palmeira (Itamarati), na Casa de Portugal (Quitandinha), e no antigo posto de Sa\u00fade da Posse. A vacina\u00e7\u00e3o tamb\u00e9m segue em sistema de drive thru na UCP Benjamin Constant (Centro), no Parque Municipal (Itaipava), na \u00e1rea externa do gin\u00e1sio da UCP (Bingen) e no G1 do Hipershopping (Alto da Serra).<\/p>\n\n\n\n<p>O cadastro para vacina\u00e7\u00e3o deve ser preenchido no site da prefeitura (www.petr\u00f3polis.rj.gov.br)<\/p>\n\n\n\n<p>Podem se cadastrar para tomar a vacina contra a covid-19 no momento:<\/p>\n\n\n\n<ul class=\"wp-block-list\"><li>pessoas com comorbidades (listadas no Plano Nacional de Imuniza\u00e7\u00e3o) maiores de 45 anos.<\/li><li>trabalhadores da Sa\u00fade a partir de 35 anos<\/li><li>pessoas com s\u00edndrome de down maiores de 18 anos<\/li><li>pessoas com autismo maiores de 18 anos<\/li><li>pacientes renais cr\u00f4nicos em di\u00e1lise maiores de 18 anos<\/li><li>pessoas com defici\u00eancia permanente cadastradas no Programa de Benef\u00edcio de Presta\u00e7\u00e3o Continuada (BPC) com mais de 45 anos.<\/li><li>Idosos com mais de 60 anos<\/li><\/ul>\n\n\n\n<p>A vacina\u00e7\u00e3o de gestantes e pu\u00e9rperas maiores de 18 anos com comorbidades, que havia sido suspensa por recomenda\u00e7\u00e3o da Anvisa, foi retomada no s\u00e1bado (15\/05) agora com a aplica\u00e7\u00e3o da vacina CoronaVac. As doses do imunizante do Butantan, que devem ser destinadas exclusivamente a este p\u00fablico, est\u00e3o sendo aplicadas em dois pontos da cidade: no campus da UCP Benjamin Constant (Centro) e no Parque Municipal, em Itaipava. <\/p>\n\n\n\n<p>Em caso de d\u00favidas \u00e9 poss\u00edvel utilizar o Whatsapp da Sa\u00fade, um assistente virtual que fornece informa\u00e7\u00f5es sobre a vacina\u00e7\u00e3o, locais de atendimento a pacientes com sintomas da doen\u00e7a e boletins. H\u00e1, ainda, informa\u00e7\u00f5es sobre a vacina\u00e7\u00e3o contra a gripe. O atendimento est\u00e1 dispon\u00edvel pelo n\u00famero (24) 9.9200-1428.<\/p>\n","protected":false},"excerpt":{"rendered":"<p>As equipes de enfermagem, sob coordena\u00e7\u00e3o do departamento de Vigil\u00e2ncia em Sa\u00fade, deram sequ\u00eancia nesta<\/p>\n","protected":false},"author":2,"featured_media":14590,"comment_status":"open","ping_status":"open","sticky":false,"template":"","format":"standard","meta":{"footnotes":""},"categories":[12],"tags":[],"class_list":["post-14589","post","type-post","status-publish","format-standard","has-post-thumbnail","hentry","category-cidade"],"_links":{"self":[{"href":"https:\/\/tvc16.com\/portal\/wp-json\/wp\/v2\/posts\/14589","targetHints":{"allow":["GET"]}}],"collection":[{"href":"https:\/\/tvc16.com\/portal\/wp-json\/wp\/v2\/posts"}],"about":[{"href":"https:\/\/tvc16.com\/portal\/wp-json\/wp\/v2\/types\/post"}],"author":[{"embeddable":true,"href":"https:\/\/tvc16.com\/portal\/wp-json\/wp\/v2\/users\/2"}],"replies":[{"embeddable":true,"href":"https:\/\/tvc16.com\/portal\/wp-json\/wp\/v2\/comments?post=14589"}],"version-history":[{"count":1,"href":"https:\/\/tvc16.com\/portal\/wp-json\/wp\/v2\/posts\/14589\/revisions"}],"predecessor-version":[{"id":14591,"href":"https:\/\/tvc16.com\/portal\/wp-json\/wp\/v2\/posts\/14589\/revisions\/14591"}],"wp:featuredmedia":[{"embeddable":true,"href":"https:\/\/tvc16.com\/portal\/wp-json\/wp\/v2\/media\/14590"}],"wp:attachment":[{"href":"https:\/\/tvc16.com\/portal\/wp-json\/wp\/v2\/media?parent=14589"}],"wp:term":[{"taxonomy":"category","embeddable":true,"href":"https:\/\/tvc16.com\/portal\/wp-json\/wp\/v2\/categories?post=14589"},{"taxonomy":"post_tag","embeddable":true,"href":"https:\/\/tvc16.com\/portal\/wp-json\/wp\/v2\/tags?post=14589"}],"curies":[{"name":"wp","href":"https:\/\/api.w.org\/{rel}","templated":true}]}}