{"id":14592,"date":"2021-05-18T09:53:58","date_gmt":"2021-05-18T12:53:58","guid":{"rendered":"https:\/\/tvc16.com\/portal\/?p=14592"},"modified":"2021-05-18T09:54:00","modified_gmt":"2021-05-18T12:54:00","slug":"petropolis-e-referencia-no-atendimento-a-vitimas-de-abuso-e-exploracao-sexual-de-criancas-e-adolescentes","status":"publish","type":"post","link":"https:\/\/tvc16.com\/portal\/2021\/05\/18\/petropolis-e-referencia-no-atendimento-a-vitimas-de-abuso-e-exploracao-sexual-de-criancas-e-adolescentes\/","title":{"rendered":"Petr\u00f3polis \u00e9 refer\u00eancia no atendimento a v\u00edtimas de abuso e explora\u00e7\u00e3o sexual de crian\u00e7as e adolescentes"},"content":{"rendered":"\n<p>Foto: R\u00e1dio Pe\u00e3o Brasil<\/p>\n\n\n\n<p>No Dia Nacional de Combate ao Abuso e Explora\u00e7\u00e3o Sexual de Crian\u00e7as e Adolescentes, a Prefeitura, por meio da Coordenadoria Especial de Articula\u00e7\u00f5es Institucionais \u2013 CEAI, est\u00e1 intensificando a divulga\u00e7\u00e3o das a\u00e7\u00f5es de prote\u00e7\u00e3o infanto-juvenil. Com leis espec\u00edficas, a cidade \u00e9 refer\u00eancia no Estado. O trabalho est\u00e1 sendo desenvolvido junto com os Conselho Tutelar e Municipal dos Direitos da Crian\u00e7a e do Adolescente.<\/p>\n\n\n\n<p>Est\u00e3o em vigor, no munic\u00edpio, a lei que torna obrigat\u00f3rio a divulga\u00e7\u00e3o de informa\u00e7\u00f5es relacionadas ao tema em todo o \u201cmaterial publicit\u00e1rio, informativo ou de cobran\u00e7a produzido pela administra\u00e7\u00e3o p\u00fablica e pelas concession\u00e1rias ou permission\u00e1rias\u201d e a lei que estabelece o \u201cprotocolo de prote\u00e7\u00e3o integral e de atua\u00e7\u00e3o em rede, no atendimento de crian\u00e7as e adolescentes v\u00edtimas de viol\u00eancia sexual, por abuso ou explora\u00e7\u00e3o sexual\u201d.<\/p>\n\n\n\n<p>O protocolo de prote\u00e7\u00e3o, segundo o prefeito interino Hingo Hammes, garante que a v\u00edtima seja acolhida pelo Conselho Tutelar e ouvida pelo N\u00facleo de Atendimento Psicol\u00f3gico Especializado &#8211; Infantojuvenil &#8211; NAPE-IJ, que remete o documento para as outras institui\u00e7\u00f5es. \u201cPetr\u00f3polis \u00e9 o \u00fanico munic\u00edpio que possui uma lei municipal que cria o fluxo de atendimentos \u00e0 crian\u00e7a e adolescente v\u00edtima, evitando assim a revitimiza\u00e7\u00e3o. A crian\u00e7a ou adolescente \u00e9 acolhida pelo Conselho Tutelar e, a parir da\u00ed, s\u00e3o seguidos todos os ritos\u201d, explica.<\/p>\n\n\n\n<p>A coordenadora Especial de Articula\u00e7\u00f5es Institucionais, Fernanda Ferreira, destaca que o Conselho Municipal dos Direitos da Crian\u00e7a e do Adolescente &#8211; CMDCA, teve papel importante na elabora\u00e7\u00e3o das leis no munic\u00edpio. \u201cFoi o primeiro conselho de garantias de direitos de crian\u00e7as e adolescentes a discutir um fluxograma de acolhimento \u00e0s v\u00edtimas, de forma que a escuta seja feita somente em um \u00f3rg\u00e3o\u201d, explica a coordenadora que, no pr\u00f3ximo dia 19, vai representar a Prefeitura em um encontro virtual com as equipes dos Servi\u00e7os Franciscanos de Solidariedade, para discutir o tema.<\/p>\n\n\n\n<p>O conselheiro Emmanuel Francisco Geraldo (Nenel), frisa a import\u00e2ncia do Disque 100. \u201c\u00c9 um canal importante para que a popula\u00e7\u00e3o fa\u00e7a as den\u00fancias sobre qualquer tipo de viol\u00eancia ou neglig\u00eancia contra crian\u00e7as e adolescentes. Todos os cidad\u00e3os tem a responsabilidade de denunciar tais viol\u00eancias. Todas as den\u00fancias enviadas pelo disque 100 ou recebidas diretamente nas sedes, s\u00e3o apuradas e caso exista situa\u00e7\u00e3o de risco para alguma crian\u00e7a ou adolescente, tomamos todas as medidas para protege-los\u201d, explica.<\/p>\n\n\n\n<p>Para a conselheira Meril\u00e9n Dias, a data deve ser lembrada para chamar aten\u00e7\u00e3o da popula\u00e7\u00e3o. \u201cN\u00e3o \u00e9 um momento de comemora\u00e7\u00e3o e sim da mobiliza\u00e7\u00e3o de todos. Em Petr\u00f3polis temos uma rede de prote\u00e7\u00e3o e garantimos que todas as den\u00fancias, independente da porta de entrada, s\u00e3o cuidadosamente apuradas. Os casos n\u00e3o ficam impunes e podem ser denunciados, inclusive, de forma an\u00f4nima. As pessoas precisam estar atentas e entrar em contato mesmo que a desconfian\u00e7a seja m\u00ednima\u201d, frisa.<\/p>\n","protected":false},"excerpt":{"rendered":"<p>Foto: R\u00e1dio Pe\u00e3o Brasil No Dia Nacional de Combate ao Abuso e Explora\u00e7\u00e3o Sexual de<\/p>\n","protected":false},"author":2,"featured_media":14593,"comment_status":"open","ping_status":"open","sticky":false,"template":"","format":"standard","meta":{"footnotes":""},"categories":[12],"tags":[],"class_list":["post-14592","post","type-post","status-publish","format-standard","has-post-thumbnail","hentry","category-cidade"],"_links":{"self":[{"href":"https:\/\/tvc16.com\/portal\/wp-json\/wp\/v2\/posts\/14592","targetHints":{"allow":["GET"]}}],"collection":[{"href":"https:\/\/tvc16.com\/portal\/wp-json\/wp\/v2\/posts"}],"about":[{"href":"https:\/\/tvc16.com\/portal\/wp-json\/wp\/v2\/types\/post"}],"author":[{"embeddable":true,"href":"https:\/\/tvc16.com\/portal\/wp-json\/wp\/v2\/users\/2"}],"replies":[{"embeddable":true,"href":"https:\/\/tvc16.com\/portal\/wp-json\/wp\/v2\/comments?post=14592"}],"version-history":[{"count":1,"href":"https:\/\/tvc16.com\/portal\/wp-json\/wp\/v2\/posts\/14592\/revisions"}],"predecessor-version":[{"id":14594,"href":"https:\/\/tvc16.com\/portal\/wp-json\/wp\/v2\/posts\/14592\/revisions\/14594"}],"wp:featuredmedia":[{"embeddable":true,"href":"https:\/\/tvc16.com\/portal\/wp-json\/wp\/v2\/media\/14593"}],"wp:attachment":[{"href":"https:\/\/tvc16.com\/portal\/wp-json\/wp\/v2\/media?parent=14592"}],"wp:term":[{"taxonomy":"category","embeddable":true,"href":"https:\/\/tvc16.com\/portal\/wp-json\/wp\/v2\/categories?post=14592"},{"taxonomy":"post_tag","embeddable":true,"href":"https:\/\/tvc16.com\/portal\/wp-json\/wp\/v2\/tags?post=14592"}],"curies":[{"name":"wp","href":"https:\/\/api.w.org\/{rel}","templated":true}]}}