{"id":14598,"date":"2021-05-18T10:12:05","date_gmt":"2021-05-18T13:12:05","guid":{"rendered":"https:\/\/tvc16.com\/portal\/?p=14598"},"modified":"2021-05-18T10:12:07","modified_gmt":"2021-05-18T13:12:07","slug":"sp-vacinacao-de-motoristas-e-cobradores-de-onibus-comeca-hoje","status":"publish","type":"post","link":"https:\/\/tvc16.com\/portal\/2021\/05\/18\/sp-vacinacao-de-motoristas-e-cobradores-de-onibus-comeca-hoje\/","title":{"rendered":"SP: vacina\u00e7\u00e3o de motoristas e cobradores de \u00f4nibus come\u00e7a hoje"},"content":{"rendered":"\n<h3 class=\"wp-block-heading\">Previs\u00e3o \u00e9 de que sejam imunizados 164 mil trabalhadores<\/h3>\n\n\n\n<h4 class=\"wp-block-heading\">Por Daniel Mello &#8211; Rep\u00f3rter da Ag\u00eancia Brasil &#8211; S\u00e3o Paulo<\/h4>\n\n\n\n<p>Come\u00e7a&nbsp;hoje&nbsp;(18), no estado de S\u00e3o Paulo, a vacina\u00e7\u00e3o de cobradores e motoristas de \u00f4nibus municipais e intermunicipais. A previs\u00e3o \u00e9 de que sejam imunizados 165 mil trabalhadores contra a covid-19.<img decoding=\"async\" src=\"https:\/\/agenciabrasil.ebc.com.br\/ebc.png?id=1410010&amp;o=node\"><img decoding=\"async\" src=\"https:\/\/agenciabrasil.ebc.com.br\/ebc.gif?id=1410010&amp;o=node\"><\/p>\n\n\n\n<p>A vacina\u00e7\u00e3o dos trabalhadores do transporte p\u00fablico come\u00e7ou na semana passada, com a imuniza\u00e7\u00e3o dos funcion\u00e1rios do Metr\u00f4 e da Companhia Paulista de Trens Metropolitanos (CPTM) com mais de 47 anos de idade.<\/p>\n\n\n\n<p>A partir da&nbsp;sexta-feira (21) devem ser inclu\u00eddas na vacina\u00e7\u00e3o as pessoas com comorbidades e com defici\u00eancia, de 45 a 49 anos de idade.<\/p>\n\n\n\n<p>Em todo o estado de S\u00e3o Paulo j\u00e1 foram aplicadas 14,6 milh\u00f5es de doses de vacinas contra o novo coronav\u00edrus, sendo 5 milh\u00f5es da&nbsp;segunda&nbsp;dose.<\/p>\n\n\n\n<p>Edi\u00e7\u00e3o: Gra\u00e7a Adjuto<\/p>\n","protected":false},"excerpt":{"rendered":"<p>Previs\u00e3o \u00e9 de que sejam imunizados 164 mil trabalhadores Por Daniel Mello &#8211; Rep\u00f3rter da<\/p>\n","protected":false},"author":2,"featured_media":14599,"comment_status":"open","ping_status":"open","sticky":false,"template":"","format":"standard","meta":{"footnotes":""},"categories":[17],"tags":[],"class_list":["post-14598","post","type-post","status-publish","format-standard","has-post-thumbnail","hentry","category-outras-noticias"],"_links":{"self":[{"href":"https:\/\/tvc16.com\/portal\/wp-json\/wp\/v2\/posts\/14598","targetHints":{"allow":["GET"]}}],"collection":[{"href":"https:\/\/tvc16.com\/portal\/wp-json\/wp\/v2\/posts"}],"about":[{"href":"https:\/\/tvc16.com\/portal\/wp-json\/wp\/v2\/types\/post"}],"author":[{"embeddable":true,"href":"https:\/\/tvc16.com\/portal\/wp-json\/wp\/v2\/users\/2"}],"replies":[{"embeddable":true,"href":"https:\/\/tvc16.com\/portal\/wp-json\/wp\/v2\/comments?post=14598"}],"version-history":[{"count":1,"href":"https:\/\/tvc16.com\/portal\/wp-json\/wp\/v2\/posts\/14598\/revisions"}],"predecessor-version":[{"id":14600,"href":"https:\/\/tvc16.com\/portal\/wp-json\/wp\/v2\/posts\/14598\/revisions\/14600"}],"wp:featuredmedia":[{"embeddable":true,"href":"https:\/\/tvc16.com\/portal\/wp-json\/wp\/v2\/media\/14599"}],"wp:attachment":[{"href":"https:\/\/tvc16.com\/portal\/wp-json\/wp\/v2\/media?parent=14598"}],"wp:term":[{"taxonomy":"category","embeddable":true,"href":"https:\/\/tvc16.com\/portal\/wp-json\/wp\/v2\/categories?post=14598"},{"taxonomy":"post_tag","embeddable":true,"href":"https:\/\/tvc16.com\/portal\/wp-json\/wp\/v2\/tags?post=14598"}],"curies":[{"name":"wp","href":"https:\/\/api.w.org\/{rel}","templated":true}]}}