{"id":14607,"date":"2021-05-18T10:15:33","date_gmt":"2021-05-18T13:15:33","guid":{"rendered":"https:\/\/tvc16.com\/portal\/?p=14607"},"modified":"2021-05-18T10:15:36","modified_gmt":"2021-05-18T13:15:36","slug":"fluminense-pode-ter-mudancas-contra-junior-barranquilla-nesta-terca","status":"publish","type":"post","link":"https:\/\/tvc16.com\/portal\/2021\/05\/18\/fluminense-pode-ter-mudancas-contra-junior-barranquilla-nesta-terca\/","title":{"rendered":"Fluminense pode ter mudan\u00e7as contra Junior Barranquilla nesta ter\u00e7a"},"content":{"rendered":"\n<h3 class=\"wp-block-heading\">Partida da Libertadores ter\u00e1 transmiss\u00e3o da R\u00e1dio Nacional, \u00e0s 21h30<\/h3>\n\n\n\n<h4 class=\"wp-block-heading\">Por Mauricio Costa &#8211; Rep\u00f3rter da TV Brasil e R\u00e1dio Nacional &#8211; Rio de Janeiro<\/h4>\n\n\n\n<p>Basta apenas um empate no confronto com o Junior Barranquilla nesta ter\u00e7a-feira (17), no Maracan\u00e3, para o Fluminense garantir vaga nas oitavas de final da Ta\u00e7a Libertadores da Am\u00e9rica.&nbsp;A partida ter\u00e1 transmiss\u00e3o da&nbsp;<strong>R\u00e1dio Nacional<\/strong>, \u00e0s 21h30 (hor\u00e1rio de Bras\u00edlia), com a locu\u00e7\u00e3o de Andr\u00e9 Marques, coment\u00e1rios de Waldir Luiz, al\u00e9m da reportagem de Mauricio Costa e, no plant\u00e3o, Luiz Ferreira.<img decoding=\"async\" src=\"https:\/\/agenciabrasil.ebc.com.br\/ebc.png?id=1409941&amp;o=node\"><img decoding=\"async\" src=\"https:\/\/agenciabrasil.ebc.com.br\/ebc.gif?id=1409941&amp;o=node\"><\/p>\n\n\n\n<p><strong>Ou\u00e7a Fluminense x Junior Barranquilla, a partir das 21h30 (hor\u00e1rio de Bras\u00edlia), clique abaixo:<\/strong><\/p>\n\n\n\n<p>O momento ent\u00e3o \u00e9 de poupar titulares para a decis\u00e3o do pr\u00f3ximo s\u00e1bado (22) do Campeonato Carioca? N\u00e3o \u00e9 bem assim que o t\u00e9cnico Roger Machado encara a situa\u00e7\u00e3o.<\/p>\n\n\n\n<p>\u201cN\u00e3o tem como pensar no outro fim de semana. A gente pensa jogo a jogo. Parece um chav\u00e3o, mas confesso que antes da decis\u00e3o, no jogo para a Libertadores, eu nem iniciava pensar sobre o cl\u00e1ssico do final de semana porque n\u00e3o tem espa\u00e7o mental para que isso aconte\u00e7a. A partir de amanh\u00e3 (domingo), a gente volta novamente para a Libertadores, recupera energia mental e foca nesse resultado que nos dar\u00e1 a vaga. Posteriormente, quando tem o apito final, a gente se dedica novamente ao cl\u00e1ssico\u201d, comentou o t\u00e9cnico, no s\u00e1bado (15), depois do empate com o Flamengo por 1 a 1 na primeira partida da final do Carioc\u00e3o.<\/p>\n\n\n\n<p>O Fluminense vem atuando com for\u00e7a m\u00e1xima nos jogos, mas dificilmente ser\u00e1 o momento de Roger fazer testes. Afinal, depois do compromisso pela Libertadores, a equipe&nbsp;ter\u00e1 mais tr\u00eas dias at\u00e9 a decis\u00e3o do Carioca.<\/p>\n\n\n\n<p>Isso n\u00e3o quer dizer que o time ser\u00e1 o mesmo. Al\u00e9m da d\u00favida sobre a escala\u00e7\u00e3o de Gabriel Teixeira e Luiz Henrique, e depois da atua\u00e7\u00e3o apagada de Nen\u00ea e a boa entrada de Cazares, o treinador pode escolher um time diferente.<\/p>\n\n\n\n<figure class=\"wp-block-image\"><img decoding=\"async\" src=\"https:\/\/imagens.ebc.com.br\/AiRuI1L0csRfYRDxlNFN3Ty23Ts=\/754x0\/smart\/https:\/\/agenciabrasil.ebc.com.br\/sites\/default\/files\/thumbnails\/image\/51181407051_d39a83b62f_k.jpg?itok=kdJxpArH\" alt=\"Roger Machado diz que Cazares pode\u00a0ter\u00a0uma oportunidade como titular.\" title=\"Mailson Santana\/Fluminense FC\"\/><\/figure>\n\n\n\n<p>Roger Machado diz que Cazares pode&nbsp;ter&nbsp;uma oportunidade como titular. &#8211;&nbsp;<strong>Mailson Santana\/Fluminense FC<\/strong><\/p>\n\n\n\n<p>\u201cEu n\u00e3o optei pelo Gabriel na posi\u00e7\u00e3o do Luiz por uma quest\u00e3o t\u00e9cnica (contra o Flamengo). Optei por uma quest\u00e3o estrat\u00e9gica. Para o pr\u00f3ximo jogo tudo \u00e9 poss\u00edvel, assim como eu entrei com o Cazares no segundo tempo, ele poder&nbsp;ter&nbsp;uma oportunidade como titular. A gente vai alternando e pegando o melhor momento de cada jogador para que a gente consiga&nbsp;ter&nbsp;uma evolu\u00e7\u00e3o como equipe\u201d.<\/p>\n\n\n\n<p>O Tricolor lidera o Grupo D da Libertadores, com oito pontos. O River Plate \u00e9 o segundo, com seis, seguido pelo Junior Barranquilla, que soma tr\u00eas pontos. O lanterna \u00e9 o Independiente Santa F\u00e9, que tem apenas dois pontos em quatro rodadas.<\/p>\n\n\n\n<p>Edi\u00e7\u00e3o: Gustavo Faria<\/p>\n","protected":false},"excerpt":{"rendered":"<p>Partida da Libertadores ter\u00e1 transmiss\u00e3o da R\u00e1dio Nacional, \u00e0s 21h30 Por Mauricio Costa &#8211; Rep\u00f3rter<\/p>\n","protected":false},"author":2,"featured_media":14608,"comment_status":"open","ping_status":"open","sticky":false,"template":"","format":"standard","meta":{"footnotes":""},"categories":[17],"tags":[],"class_list":["post-14607","post","type-post","status-publish","format-standard","has-post-thumbnail","hentry","category-outras-noticias"],"_links":{"self":[{"href":"https:\/\/tvc16.com\/portal\/wp-json\/wp\/v2\/posts\/14607","targetHints":{"allow":["GET"]}}],"collection":[{"href":"https:\/\/tvc16.com\/portal\/wp-json\/wp\/v2\/posts"}],"about":[{"href":"https:\/\/tvc16.com\/portal\/wp-json\/wp\/v2\/types\/post"}],"author":[{"embeddable":true,"href":"https:\/\/tvc16.com\/portal\/wp-json\/wp\/v2\/users\/2"}],"replies":[{"embeddable":true,"href":"https:\/\/tvc16.com\/portal\/wp-json\/wp\/v2\/comments?post=14607"}],"version-history":[{"count":1,"href":"https:\/\/tvc16.com\/portal\/wp-json\/wp\/v2\/posts\/14607\/revisions"}],"predecessor-version":[{"id":14609,"href":"https:\/\/tvc16.com\/portal\/wp-json\/wp\/v2\/posts\/14607\/revisions\/14609"}],"wp:featuredmedia":[{"embeddable":true,"href":"https:\/\/tvc16.com\/portal\/wp-json\/wp\/v2\/media\/14608"}],"wp:attachment":[{"href":"https:\/\/tvc16.com\/portal\/wp-json\/wp\/v2\/media?parent=14607"}],"wp:term":[{"taxonomy":"category","embeddable":true,"href":"https:\/\/tvc16.com\/portal\/wp-json\/wp\/v2\/categories?post=14607"},{"taxonomy":"post_tag","embeddable":true,"href":"https:\/\/tvc16.com\/portal\/wp-json\/wp\/v2\/tags?post=14607"}],"curies":[{"name":"wp","href":"https:\/\/api.w.org\/{rel}","templated":true}]}}