{"id":14622,"date":"2021-05-18T10:21:43","date_gmt":"2021-05-18T13:21:43","guid":{"rendered":"https:\/\/tvc16.com\/portal\/?p=14622"},"modified":"2021-05-18T10:21:45","modified_gmt":"2021-05-18T13:21:45","slug":"rio-de-janeiro-regulariza-aplicacao-da-segunda-dose-da-coronavac","status":"publish","type":"post","link":"https:\/\/tvc16.com\/portal\/2021\/05\/18\/rio-de-janeiro-regulariza-aplicacao-da-segunda-dose-da-coronavac\/","title":{"rendered":"Rio de Janeiro regulariza aplica\u00e7\u00e3o da segunda dose da CoronaVac"},"content":{"rendered":"\n<h3 class=\"wp-block-heading\">Doses em atraso na capital foram aplicadas at\u00e9 ontem<\/h3>\n\n\n\n<h4 class=\"wp-block-heading\">Por Akemi Nitahara \u2013 Rep\u00f3rter da Ag\u00eancia Brasil &#8211; Rio de Janeiro<\/h4>\n\n\n\n<p>O munic\u00edpio do Rio de Janeiro regulariza esta semana a aplica\u00e7\u00e3o da segunda dose da CoronaVac, para quem tomou a primeira dose do imunizante em abril. Segundo a Secretaria Municipal de Sa\u00fade (SMS), os grupos que estavam com a segunda dose atrasada foram atendidos at\u00e9 ontem (17) e a partir do dia 19 de abril ser\u00e3o vacinadas as pessoas que tomaram a primeira dose e que entram agora no prazo para tomar a segunda aplica\u00e7\u00e3o.<img decoding=\"async\" src=\"https:\/\/agenciabrasil.ebc.com.br\/ebc.png?id=1410024&amp;o=node\"><img decoding=\"async\" src=\"https:\/\/agenciabrasil.ebc.com.br\/ebc.gif?id=1410024&amp;o=node\"><\/p>\n\n\n\n<p>No s\u00e1bado (15), a Secretaria de Estado de Sa\u00fade (SES) informou que distribuiu 90 mil doses de CoronaVac aos munic\u00edpios, al\u00e9m das 162.210 entregues na quinta e sexta-feira, todas destinadas \u00e0 segunda aplica\u00e7\u00e3o. De acordo com a SES, o estado ainda precisa receber 165.780 doses de CoronaVac, segundo o levantamento encaminhado pelos munic\u00edpios. Nem todas essas doses est\u00e3o em atraso.<\/p>\n\n\n\n<p>A produ\u00e7\u00e3o da CoronaVac pelo&nbsp;<a href=\"https:\/\/agenciabrasil.ebc.com.br\/saude\/noticia\/2021-05\/butantan-paralisa-producao-de-vacinas-por-falta-de-insumos\" target=\"_blank\" rel=\"noreferrer noopener\">Instituto Butantan<\/a>, em S\u00e3o Paulo, est\u00e1 paralisada desde sexta-feira (14), por falta do insumo farmac\u00eautico ativo (IFA), mat\u00e9ria-prima da vacina. O material \u00e9 enviado pela China e, segundo o instituto, n\u00e3o havia sido liberado pelo pa\u00eds oriental por causa de entraves diplom\u00e1ticos causados por declara\u00e7\u00f5es de autoridades do governo brasileiro.<\/p>\n\n\n\n<p>Ontem, o Butantan informou que a&nbsp;<a href=\"https:\/\/agenciabrasil.ebc.com.br\/saude\/noticia\/2021-05\/insumos-para-vacina-coronavac-chegam-ao-brasil-dia-26-de-maio\" target=\"_blank\" rel=\"noreferrer noopener\">China<\/a>&nbsp;liberou o envio de 4 mil litros de IFA, suficientes para a produ\u00e7\u00e3o de 7 milh\u00f5es de doses da vacina. O IFA deve chegar ao Brasil no dia 26 de maio. O contrato com o laborat\u00f3rio chin\u00eas Sinovac prev\u00ea o envio de mais 6 mil litros de IFA, ainda sem data para entrega.<\/p>\n\n\n\n<p>O Butantan entregou na sexta-feira (14) ao Minist\u00e9rio da Sa\u00fade o \u00faltimo lote fabricado at\u00e9 o momento, com 1,1 milh\u00e3o de doses. O instituto j\u00e1 entregou 47,2 milh\u00f5es de doses da CoronaVac ao Programa Nacional de Imuniza\u00e7\u00f5es, cumprindo o primeiro contrato firmado, que previa 46 milh\u00f5es de doses. O segundo acordo prev\u00ea a disponibiliza\u00e7\u00e3o de 54 milh\u00f5es de doses at\u00e9 o final de agosto.<\/p>\n\n\n\n<p>Edi\u00e7\u00e3o: Val\u00e9ria Aguiar<\/p>\n","protected":false},"excerpt":{"rendered":"<p>Doses em atraso na capital foram aplicadas at\u00e9 ontem Por Akemi Nitahara \u2013 Rep\u00f3rter da<\/p>\n","protected":false},"author":2,"featured_media":14623,"comment_status":"open","ping_status":"open","sticky":false,"template":"","format":"standard","meta":{"footnotes":""},"categories":[17],"tags":[],"class_list":["post-14622","post","type-post","status-publish","format-standard","has-post-thumbnail","hentry","category-outras-noticias"],"_links":{"self":[{"href":"https:\/\/tvc16.com\/portal\/wp-json\/wp\/v2\/posts\/14622","targetHints":{"allow":["GET"]}}],"collection":[{"href":"https:\/\/tvc16.com\/portal\/wp-json\/wp\/v2\/posts"}],"about":[{"href":"https:\/\/tvc16.com\/portal\/wp-json\/wp\/v2\/types\/post"}],"author":[{"embeddable":true,"href":"https:\/\/tvc16.com\/portal\/wp-json\/wp\/v2\/users\/2"}],"replies":[{"embeddable":true,"href":"https:\/\/tvc16.com\/portal\/wp-json\/wp\/v2\/comments?post=14622"}],"version-history":[{"count":1,"href":"https:\/\/tvc16.com\/portal\/wp-json\/wp\/v2\/posts\/14622\/revisions"}],"predecessor-version":[{"id":14624,"href":"https:\/\/tvc16.com\/portal\/wp-json\/wp\/v2\/posts\/14622\/revisions\/14624"}],"wp:featuredmedia":[{"embeddable":true,"href":"https:\/\/tvc16.com\/portal\/wp-json\/wp\/v2\/media\/14623"}],"wp:attachment":[{"href":"https:\/\/tvc16.com\/portal\/wp-json\/wp\/v2\/media?parent=14622"}],"wp:term":[{"taxonomy":"category","embeddable":true,"href":"https:\/\/tvc16.com\/portal\/wp-json\/wp\/v2\/categories?post=14622"},{"taxonomy":"post_tag","embeddable":true,"href":"https:\/\/tvc16.com\/portal\/wp-json\/wp\/v2\/tags?post=14622"}],"curies":[{"name":"wp","href":"https:\/\/api.w.org\/{rel}","templated":true}]}}