{"id":14631,"date":"2021-05-19T09:02:52","date_gmt":"2021-05-19T12:02:52","guid":{"rendered":"https:\/\/tvc16.com\/portal\/?p=14631"},"modified":"2021-05-19T09:02:54","modified_gmt":"2021-05-19T12:02:54","slug":"prefeito-se-reune-com-diretoria-do-pcvb-e-alinha-planejamento-de-acoes-voltadas-para-o-segmento-turistico","status":"publish","type":"post","link":"https:\/\/tvc16.com\/portal\/2021\/05\/19\/prefeito-se-reune-com-diretoria-do-pcvb-e-alinha-planejamento-de-acoes-voltadas-para-o-segmento-turistico\/","title":{"rendered":"Prefeito se re\u00fane com diretoria do PC&#038;VB e alinha planejamento de a\u00e7\u00f5es voltadas para o segmento tur\u00edstico"},"content":{"rendered":"\n<p>O prefeito interino Hingo Hammes recebeu a atual diretoria do Petr\u00f3polis Convention e Visitors Bureau (PC&amp;VB) na manh\u00e3 desta ter\u00e7a-feira (18\/05). Ao lado do secret\u00e1rio de Turismo, Samir El Ghaoui, e de assessores da Turispetro, ele conversou com diretores e conselheiros da entidade, e ouviu as principais demandas apresentadas pelo trade tur\u00edstico para os pr\u00f3ximos meses.<br>\u201cVamos avan\u00e7ar juntos nas pol\u00edticas p\u00fablicas voltadas para o turismo\u201d, disse o prefeito, que foi elogiado pela postura de caminhar junto com a iniciativa privada. Ele falou da import\u00e2ncia do planejamento conjunto entre os setores, lembrando que a cidade precisa estar preparada para o momento da retomada.<br>\u201cApesar das restri\u00e7\u00f5es impostas, estamos trabalhando muito com o planejamento dos eventos. Temos a Copa do Mundo do Montain Bike que acontecer\u00e1 na cidade, e vamos trabalhar tamb\u00e9m no turismo de aventura. S\u00e3o a\u00e7\u00f5es que potencializam o segmento e trazem resultados positivos para todos os setores\u201d, explicou Hammes.<br>O secret\u00e1rio Samir agradeceu a presen\u00e7a de todos e disse que o encontro vai fortalecer o elo entre a atual gest\u00e3o municipal e o segmento. \u201cNossa proposta \u00e9 aproximar cada vez mais a iniciativa privada das decis\u00f5es administrativas. Essa reuni\u00e3o d\u00e1 continuidade a um trabalho que j\u00e1 vem sendo realizado pela Secretaria de Turismo, trazendo para o debate n\u00e3o s\u00f3 o Convention, mas v\u00e1rios outros \u00f3rg\u00e3os e entidades ligados \u00e0 nossa economia. Estamos aqui muito sens\u00edveis \u00e0s necessidades de toda a cadeia produtiva e prontos a somar esfor\u00e7os para um turismo sustent\u00e1vel\u201d, disse.<br>Na reuni\u00e3o, foram apresentadas algumas demandas ao governo, como o apoio ao incremento do turismo receptivo e o apoio \u00e0 produ\u00e7\u00e3o de um filme que apresente a cidade como um produto tur\u00edstico de qualidade. O prefeito recebeu da entidade um prato comemorativo pela 20\u00aa edi\u00e7\u00e3o do Petr\u00f3polis Gourmet no ano passado.<br>\u201cEssa \u00e9 uma conquista para todos n\u00f3s. Estarmos aqui participando e sendo ouvidos pelo governo\u201d, frisou o presidente do PC&amp;VB, Fabiano Barros, lembrando que a gest\u00e3o da entidade para os pr\u00f3ximos dois anos se baseia em a\u00e7\u00f5es b\u00e1sicas que necessitam do apoio do munic\u00edpio para alcan\u00e7arem \u00eaxito, como a divulga\u00e7\u00e3o institucional do munic\u00edpio para o p\u00fablico externo, atrav\u00e9s que campanhas que alcancem amplitude nacional.<\/p>\n","protected":false},"excerpt":{"rendered":"<p>O prefeito interino Hingo Hammes recebeu a atual diretoria do Petr\u00f3polis Convention e Visitors Bureau<\/p>\n","protected":false},"author":2,"featured_media":14632,"comment_status":"open","ping_status":"open","sticky":false,"template":"","format":"standard","meta":{"footnotes":""},"categories":[12],"tags":[],"class_list":["post-14631","post","type-post","status-publish","format-standard","has-post-thumbnail","hentry","category-cidade"],"_links":{"self":[{"href":"https:\/\/tvc16.com\/portal\/wp-json\/wp\/v2\/posts\/14631","targetHints":{"allow":["GET"]}}],"collection":[{"href":"https:\/\/tvc16.com\/portal\/wp-json\/wp\/v2\/posts"}],"about":[{"href":"https:\/\/tvc16.com\/portal\/wp-json\/wp\/v2\/types\/post"}],"author":[{"embeddable":true,"href":"https:\/\/tvc16.com\/portal\/wp-json\/wp\/v2\/users\/2"}],"replies":[{"embeddable":true,"href":"https:\/\/tvc16.com\/portal\/wp-json\/wp\/v2\/comments?post=14631"}],"version-history":[{"count":1,"href":"https:\/\/tvc16.com\/portal\/wp-json\/wp\/v2\/posts\/14631\/revisions"}],"predecessor-version":[{"id":14633,"href":"https:\/\/tvc16.com\/portal\/wp-json\/wp\/v2\/posts\/14631\/revisions\/14633"}],"wp:featuredmedia":[{"embeddable":true,"href":"https:\/\/tvc16.com\/portal\/wp-json\/wp\/v2\/media\/14632"}],"wp:attachment":[{"href":"https:\/\/tvc16.com\/portal\/wp-json\/wp\/v2\/media?parent=14631"}],"wp:term":[{"taxonomy":"category","embeddable":true,"href":"https:\/\/tvc16.com\/portal\/wp-json\/wp\/v2\/categories?post=14631"},{"taxonomy":"post_tag","embeddable":true,"href":"https:\/\/tvc16.com\/portal\/wp-json\/wp\/v2\/tags?post=14631"}],"curies":[{"name":"wp","href":"https:\/\/api.w.org\/{rel}","templated":true}]}}