{"id":14640,"date":"2021-05-19T09:25:04","date_gmt":"2021-05-19T12:25:04","guid":{"rendered":"https:\/\/tvc16.com\/portal\/?p=14640"},"modified":"2021-05-19T09:25:06","modified_gmt":"2021-05-19T12:25:06","slug":"prefeitura-e-governo-federal-promovem-capacitacao-sobre-a-lei-de-incentivo-ao-esporte","status":"publish","type":"post","link":"https:\/\/tvc16.com\/portal\/2021\/05\/19\/prefeitura-e-governo-federal-promovem-capacitacao-sobre-a-lei-de-incentivo-ao-esporte\/","title":{"rendered":"Prefeitura e governo federal promovem capacita\u00e7\u00e3o sobre a Lei de Incentivo ao Esporte"},"content":{"rendered":"\n<p>A prefeitura, em parceria com o governo federal e com o apoio da AssociEventos, promove uma capacita\u00e7\u00e3o sobre a Lei Federal de Incentivo ao Esporte. A atividade acontece no dia 27 de maio, no sal\u00e3o nobre da Universidade Cat\u00f3lica de Petr\u00f3polis (UCP) e as vagas s\u00e3o limitadas. Os interessados podem entrar em contato com a Secretaria de Lazer, Promo\u00e7\u00e3o da Sa\u00fade, Juventude, Idoso e Lazer (SEPJIL) atrav\u00e9s do e-mail: sepjil.projetos@gmail.com ou pelo telefone: 2233-1218. As inscri\u00e7\u00f5es ser\u00e3o aceitas entre os dias 19 e 21 de maio.<\/p>\n\n\n\n<p>&#8220;Qualquer institui\u00e7\u00e3o interessada em captar verba federal pode participar da capacita\u00e7\u00e3o. Pode ser um clube, uma ONG, ou at\u00e9 mesmo uma liga amadora. Qualquer gestor esportivo pode participar. Ser\u00e1 uma grande oportunidade de aprendizado e de entendimento sobre como funciona a Lei de Incentivo Federal&#8221;, destaca o prefeito interino Hingo Hammes.<\/p>\n\n\n\n<p>Quem vai ministrar a capacita\u00e7\u00e3o \u00e9 o secret\u00e1rio Especial do Esporte, entidade ligada ao Minist\u00e9rio da Cidadania, Leonardo da Cunha de Mendon\u00e7a Castro. Ele acumula experi\u00eancia como consultor de projetos incentivados, tendo atuado por cinco anos na gest\u00e3o de projetos do Clube de Regatas do Flamengo. Hoje atua na coordena\u00e7\u00e3o para que projetos esportivos e paraesportivos financiados mediante incentivos fiscais sejam executados em todo o pa\u00eds.<\/p>\n\n\n\n<p>Segundo Leandro Kronemberger, secret\u00e1rio de Esportes do munic\u00edpio, o encontro ser\u00e1 realizado de acordo com as regras sanit\u00e1rias previstas no munic\u00edpio. &#8220;O audit\u00f3rio da UCP estar\u00e1 com a capacidade muito reduzida para esse encontro, que ser\u00e1 totalmente gratuito. Vamos respeitar o distanciamento social, al\u00e9m do uso de m\u00e1scaras e \u00e1lcool em gel. A ideia \u00e9 promover um dia de muito aprendizado para os gestores esportivos da nossa cidade&#8221;, disse Berg.<\/p>\n","protected":false},"excerpt":{"rendered":"<p>A prefeitura, em parceria com o governo federal e com o apoio da AssociEventos, promove<\/p>\n","protected":false},"author":2,"featured_media":14641,"comment_status":"open","ping_status":"open","sticky":false,"template":"","format":"standard","meta":{"footnotes":""},"categories":[12],"tags":[],"class_list":["post-14640","post","type-post","status-publish","format-standard","has-post-thumbnail","hentry","category-cidade"],"_links":{"self":[{"href":"https:\/\/tvc16.com\/portal\/wp-json\/wp\/v2\/posts\/14640","targetHints":{"allow":["GET"]}}],"collection":[{"href":"https:\/\/tvc16.com\/portal\/wp-json\/wp\/v2\/posts"}],"about":[{"href":"https:\/\/tvc16.com\/portal\/wp-json\/wp\/v2\/types\/post"}],"author":[{"embeddable":true,"href":"https:\/\/tvc16.com\/portal\/wp-json\/wp\/v2\/users\/2"}],"replies":[{"embeddable":true,"href":"https:\/\/tvc16.com\/portal\/wp-json\/wp\/v2\/comments?post=14640"}],"version-history":[{"count":1,"href":"https:\/\/tvc16.com\/portal\/wp-json\/wp\/v2\/posts\/14640\/revisions"}],"predecessor-version":[{"id":14642,"href":"https:\/\/tvc16.com\/portal\/wp-json\/wp\/v2\/posts\/14640\/revisions\/14642"}],"wp:featuredmedia":[{"embeddable":true,"href":"https:\/\/tvc16.com\/portal\/wp-json\/wp\/v2\/media\/14641"}],"wp:attachment":[{"href":"https:\/\/tvc16.com\/portal\/wp-json\/wp\/v2\/media?parent=14640"}],"wp:term":[{"taxonomy":"category","embeddable":true,"href":"https:\/\/tvc16.com\/portal\/wp-json\/wp\/v2\/categories?post=14640"},{"taxonomy":"post_tag","embeddable":true,"href":"https:\/\/tvc16.com\/portal\/wp-json\/wp\/v2\/tags?post=14640"}],"curies":[{"name":"wp","href":"https:\/\/api.w.org\/{rel}","templated":true}]}}