{"id":14643,"date":"2021-05-19T09:27:03","date_gmt":"2021-05-19T12:27:03","guid":{"rendered":"https:\/\/tvc16.com\/portal\/?p=14643"},"modified":"2021-05-19T09:27:05","modified_gmt":"2021-05-19T12:27:05","slug":"petropolis-registra-queda-no-percentual-de-idosos-internados-apos-vacinacao","status":"publish","type":"post","link":"https:\/\/tvc16.com\/portal\/2021\/05\/19\/petropolis-registra-queda-no-percentual-de-idosos-internados-apos-vacinacao\/","title":{"rendered":"Petr\u00f3polis registra queda no percentual de idosos internados ap\u00f3s vacina\u00e7\u00e3o"},"content":{"rendered":"\n<p>\u00cdndice de interna\u00e7\u00e3o de idosos com mais de 70 anos, que j\u00e1 completaram o ciclo de imuniza\u00e7\u00e3o caiu 18%<\/p>\n\n\n\n<p>Levantamento feito pela Secretaria Municipal de Sa\u00fade aponta queda de quase 18% no \u00edndice de interna\u00e7\u00f5es de idosos acima de 70 anos &#8211; faixa et\u00e1ria j\u00e1 vacinada em abril. A avalia\u00e7\u00e3o considera a propor\u00e7\u00e3o de idosos entre os internados nos meses de janeiro e abril \u2013 antes e ap\u00f3s a vacina\u00e7\u00e3o. Os dados s\u00e3o referentes a pacientes internados na rede SUS \u2013 considerando unidades pr\u00f3prias e conveniadas \u2013 e mostram que proporcionalmente o n\u00famero de idosos que precisaram de interna\u00e7\u00e3o em leitos de UTI foi menor no m\u00eas passado.<br>\u201cO n\u00famero de interna\u00e7\u00f5es registradas em abril ainda \u00e9 reflexo do aumento de casos que ocorreu em mar\u00e7o. A boa not\u00edcia \u00e9 que a an\u00e1lise mais detalhada dos dados aponta que a vacina\u00e7\u00e3o come\u00e7a a surtir efeito, pois temos um percentual menor de idosos cujos casos se agravaram e precisaram ser hospitalizados. Todos os esfor\u00e7os est\u00e3o sendo feitos para que possamos receber mais doses para ampliarmos a vacina\u00e7\u00e3o, que \u00e9 a arma mais eficaz que temos para evitar que a doen\u00e7a se agrave\u201d, destaca o prefeito interino Hingo Hammes.<br>Desde o in\u00edcio da campanha de imuniza\u00e7\u00e3o contra a covid-19, em 19 de janeiro, 53.705 idosos receberam a primeira dose e 25.073 completaram o ciclo de vacina\u00e7\u00e3o, com a segunda dose. O levantamento do setor de Planejamento mostra que, dos internados em janeiro, 49,25% tinham mais de 70 anos. Em abril, o percentual de interna\u00e7\u00f5es deste grupo caiu para 31,6%. A vacina\u00e7\u00e3o de idosos na cidade come\u00e7ou com a chegada do primeiro lote de vacinas CoronaVac, em janeiro e vem sendo ampliada de acordo com a chegada de novos lotes. A expectativa da Secretaria de Sa\u00fade \u00e9 de que em maio o percentual de interna\u00e7\u00f5es de idosos continue caindo, com a amplia\u00e7\u00e3o da faixa et\u00e1ria para os 60 anos.<br>\u201cS\u00e3o dados positivos, mas \u00e9 importante destacarmos que mesmo quem j\u00e1 tomou a vacina n\u00e3o deve relaxar os cuidados\u201d, destaca o secret\u00e1rio de Sa\u00fade Aloisio Barbosa da Silva Filho, lembrando que ainda \u00e9 extremamente necess\u00e1rio o uso de m\u00e1scaras, a higieniza\u00e7\u00e3o das m\u00e3os com \u00e1gua e sab\u00e3o, o uso de \u00e1lcool em gel e sobretudo o afastamento social, evitando ao m\u00e1ximo as aglomera\u00e7\u00f5es.<br>\u201cVimos o n\u00famero de interna\u00e7\u00f5es aumentarem em mar\u00e7o e isso se manteve em abril em virtude das variantes do v\u00edrus, que s\u00e3o mais transmiss\u00edveis. Observamos com isso que &#8211; como aconteceu em todo pa\u00eds \u2013 houve o agravamento da doen\u00e7a entre jovens e adultos jovens, que precisaram ser hospitalizados em maior n\u00famero. Nossa expectativa com a redu\u00e7\u00e3o de demanda nos pontos de apoio que verificamos nas \u00faltimas semanas \u00e9 de que o n\u00famero de interna\u00e7\u00f5es seja reduzido. Importante frisar, no entanto, que, para isso, todos precisam continuar mantendo os cuidados. Todos precisam fazer a sua parte\u201d, destaca o secret\u00e1rio.<\/p>\n","protected":false},"excerpt":{"rendered":"<p>\u00cdndice de interna\u00e7\u00e3o de idosos com mais de 70 anos, que j\u00e1 completaram o ciclo<\/p>\n","protected":false},"author":2,"featured_media":14644,"comment_status":"open","ping_status":"open","sticky":false,"template":"","format":"standard","meta":{"footnotes":""},"categories":[12],"tags":[],"class_list":["post-14643","post","type-post","status-publish","format-standard","has-post-thumbnail","hentry","category-cidade"],"_links":{"self":[{"href":"https:\/\/tvc16.com\/portal\/wp-json\/wp\/v2\/posts\/14643","targetHints":{"allow":["GET"]}}],"collection":[{"href":"https:\/\/tvc16.com\/portal\/wp-json\/wp\/v2\/posts"}],"about":[{"href":"https:\/\/tvc16.com\/portal\/wp-json\/wp\/v2\/types\/post"}],"author":[{"embeddable":true,"href":"https:\/\/tvc16.com\/portal\/wp-json\/wp\/v2\/users\/2"}],"replies":[{"embeddable":true,"href":"https:\/\/tvc16.com\/portal\/wp-json\/wp\/v2\/comments?post=14643"}],"version-history":[{"count":1,"href":"https:\/\/tvc16.com\/portal\/wp-json\/wp\/v2\/posts\/14643\/revisions"}],"predecessor-version":[{"id":14645,"href":"https:\/\/tvc16.com\/portal\/wp-json\/wp\/v2\/posts\/14643\/revisions\/14645"}],"wp:featuredmedia":[{"embeddable":true,"href":"https:\/\/tvc16.com\/portal\/wp-json\/wp\/v2\/media\/14644"}],"wp:attachment":[{"href":"https:\/\/tvc16.com\/portal\/wp-json\/wp\/v2\/media?parent=14643"}],"wp:term":[{"taxonomy":"category","embeddable":true,"href":"https:\/\/tvc16.com\/portal\/wp-json\/wp\/v2\/categories?post=14643"},{"taxonomy":"post_tag","embeddable":true,"href":"https:\/\/tvc16.com\/portal\/wp-json\/wp\/v2\/tags?post=14643"}],"curies":[{"name":"wp","href":"https:\/\/api.w.org\/{rel}","templated":true}]}}