{"id":14649,"date":"2021-05-19T14:35:01","date_gmt":"2021-05-19T17:35:01","guid":{"rendered":"https:\/\/tvc16.com\/portal\/?p=14649"},"modified":"2021-05-19T14:35:04","modified_gmt":"2021-05-19T17:35:04","slug":"prefeitura-realiza-acao-de-conscientizacao-sobre-a-covid-19-em-madame-machado","status":"publish","type":"post","link":"https:\/\/tvc16.com\/portal\/2021\/05\/19\/prefeitura-realiza-acao-de-conscientizacao-sobre-a-covid-19-em-madame-machado\/","title":{"rendered":"Prefeitura realiza a\u00e7\u00e3o de conscientiza\u00e7\u00e3o sobre a Covid-19 em Madame Machado"},"content":{"rendered":"\n<p>A prefeitura, atrav\u00e9s das secretarias de Sa\u00fade e de Defesa Civil e A\u00e7\u00f5es Volunt\u00e1rias, realiza uma a\u00e7\u00e3o de conscientiza\u00e7\u00e3o sobre a Covid-19 no bairro Madame Machado. Em uma jornada comunit\u00e1ria chamada de &#8220;Travessia&#8221;, os agentes p\u00fablicos conversam com a popula\u00e7\u00e3o sobre o enfrentamento da pandemia, refor\u00e7ando a necessidade do uso de m\u00e1scaras e do \u00e1lcool em gel. A a\u00e7\u00e3o come\u00e7ou no dia 12 de maio e ser\u00e1 realizada todas \u00e0s quartas-feiras por tr\u00eas semanas, at\u00e9 o dia 26 do mesmo m\u00eas.<\/p>\n\n\n\n<p>A iniciativa \u00e9 dos funcion\u00e1rios do Posto de Sa\u00fade da Fam\u00edlia (PSF) do Madame Machado em parceria com o Conselho Comunit\u00e1rio de Sa\u00fade. Hoje (19), por exemplo, os agentes estiveram nas ruas realizando a atividade. Segundo o secret\u00e1rio de Defesa Civil e A\u00e7\u00f5es Volunt\u00e1rias, tenente-coronel Gil Kempers, a atividade aproxima a popula\u00e7\u00e3o do poder p\u00fablico.<\/p>\n\n\n\n<p>&#8220;Estamos escutando as necessidades de cada comunidade para, a partir da\u00ed, criarmos juntos solu\u00e7\u00f5es para o enfrentamento da pandemia. Conversamos com donos de com\u00e9rcios, padres e pastores, vamos aos pontos de \u00f4nibus, enfim, o nosso objetivo \u00e9 estar pr\u00f3ximo do petropolitano nesse momento de dificuldade&#8221;, destacou Gil.<\/p>\n","protected":false},"excerpt":{"rendered":"<p>A prefeitura, atrav\u00e9s das secretarias de Sa\u00fade e de Defesa Civil e A\u00e7\u00f5es Volunt\u00e1rias, realiza<\/p>\n","protected":false},"author":2,"featured_media":14650,"comment_status":"open","ping_status":"open","sticky":false,"template":"","format":"standard","meta":{"footnotes":""},"categories":[12],"tags":[],"class_list":["post-14649","post","type-post","status-publish","format-standard","has-post-thumbnail","hentry","category-cidade"],"_links":{"self":[{"href":"https:\/\/tvc16.com\/portal\/wp-json\/wp\/v2\/posts\/14649","targetHints":{"allow":["GET"]}}],"collection":[{"href":"https:\/\/tvc16.com\/portal\/wp-json\/wp\/v2\/posts"}],"about":[{"href":"https:\/\/tvc16.com\/portal\/wp-json\/wp\/v2\/types\/post"}],"author":[{"embeddable":true,"href":"https:\/\/tvc16.com\/portal\/wp-json\/wp\/v2\/users\/2"}],"replies":[{"embeddable":true,"href":"https:\/\/tvc16.com\/portal\/wp-json\/wp\/v2\/comments?post=14649"}],"version-history":[{"count":1,"href":"https:\/\/tvc16.com\/portal\/wp-json\/wp\/v2\/posts\/14649\/revisions"}],"predecessor-version":[{"id":14651,"href":"https:\/\/tvc16.com\/portal\/wp-json\/wp\/v2\/posts\/14649\/revisions\/14651"}],"wp:featuredmedia":[{"embeddable":true,"href":"https:\/\/tvc16.com\/portal\/wp-json\/wp\/v2\/media\/14650"}],"wp:attachment":[{"href":"https:\/\/tvc16.com\/portal\/wp-json\/wp\/v2\/media?parent=14649"}],"wp:term":[{"taxonomy":"category","embeddable":true,"href":"https:\/\/tvc16.com\/portal\/wp-json\/wp\/v2\/categories?post=14649"},{"taxonomy":"post_tag","embeddable":true,"href":"https:\/\/tvc16.com\/portal\/wp-json\/wp\/v2\/tags?post=14649"}],"curies":[{"name":"wp","href":"https:\/\/api.w.org\/{rel}","templated":true}]}}