{"id":14652,"date":"2021-05-19T14:45:32","date_gmt":"2021-05-19T17:45:32","guid":{"rendered":"https:\/\/tvc16.com\/portal\/?p=14652"},"modified":"2021-05-19T14:45:34","modified_gmt":"2021-05-19T17:45:34","slug":"linhas-de-onibus-da-petro-ita-fazem-baldeacao-apos-queda-de-poste-na-serra-velha","status":"publish","type":"post","link":"https:\/\/tvc16.com\/portal\/2021\/05\/19\/linhas-de-onibus-da-petro-ita-fazem-baldeacao-apos-queda-de-poste-na-serra-velha\/","title":{"rendered":"Linhas de \u00f4nibus da Petro Ita fazem baldea\u00e7\u00e3o ap\u00f3s queda de poste na Serra Velha"},"content":{"rendered":"\n<p><br>A queda de um poste pr\u00f3ximo ao DPO do Alto da Serra provocou a interdi\u00e7\u00e3o total da pista, nesta quarta-feira (19). O incidente aconteceu \u00e0s 7h58 e, at\u00e9 o momento, n\u00e3o h\u00e1 passagem para ve\u00edculos na Serra Velha. Para n\u00e3o prejudicar a popula\u00e7\u00e3o da Lopes Trov\u00e3o e Meio da Serra, a Petro Ita est\u00e1 fazendo baldea\u00e7\u00e3o no trecho, desde \u00e0s 11h40, quando foi poss\u00edvel fazer a manobra dos \u00f4nibus na localidade.<\/p>\n\n\n\n<p>As linhas prejudicadas ao longo da manh\u00e3 foram a 413 \u2013 Lopes Trov\u00e3o, 420 \u2013 Meio da Serra (Via Rua Teresa) e 453 \u2013 Meio da Serra (Via Santos Dumont). Ao todo, somente pela manh\u00e3, foram contabilizadas 12 viagens completas perdidas, equivalente a 24 partidas.<\/p>\n\n\n\n<p>A Petro Ita encaminhou profissionais at\u00e9 o local, que conseguiram realizar a manobra dos coletivos, ficando dois \u00f4nibus posicionados do Centro Hist\u00f3rico at\u00e9 o DPO do Alto da Serra, enquanto outros dois coletivos est\u00e3o pr\u00f3ximos ao local do incidente, em dire\u00e7\u00e3o ao ponto final do Meio da Serra. Durante a baldea\u00e7\u00e3o, os passageiros precisam caminhar por aproximadamente 240 metros entre os \u00f4nibus.<\/p>\n\n\n\n<p>Ao longo do dia, atrasos e perdas de viagens devem ser registradas na regi\u00e3o, em raz\u00e3o da interdi\u00e7\u00e3o total da pista, al\u00e9m das dificuldades encontradas na realiza\u00e7\u00e3o da manobra dos coletivos no trecho.<\/p>\n","protected":false},"excerpt":{"rendered":"<p>A queda de um poste pr\u00f3ximo ao DPO do Alto da Serra provocou a interdi\u00e7\u00e3o<\/p>\n","protected":false},"author":2,"featured_media":14653,"comment_status":"open","ping_status":"open","sticky":false,"template":"","format":"standard","meta":{"footnotes":""},"categories":[12],"tags":[],"class_list":["post-14652","post","type-post","status-publish","format-standard","has-post-thumbnail","hentry","category-cidade"],"_links":{"self":[{"href":"https:\/\/tvc16.com\/portal\/wp-json\/wp\/v2\/posts\/14652","targetHints":{"allow":["GET"]}}],"collection":[{"href":"https:\/\/tvc16.com\/portal\/wp-json\/wp\/v2\/posts"}],"about":[{"href":"https:\/\/tvc16.com\/portal\/wp-json\/wp\/v2\/types\/post"}],"author":[{"embeddable":true,"href":"https:\/\/tvc16.com\/portal\/wp-json\/wp\/v2\/users\/2"}],"replies":[{"embeddable":true,"href":"https:\/\/tvc16.com\/portal\/wp-json\/wp\/v2\/comments?post=14652"}],"version-history":[{"count":1,"href":"https:\/\/tvc16.com\/portal\/wp-json\/wp\/v2\/posts\/14652\/revisions"}],"predecessor-version":[{"id":14654,"href":"https:\/\/tvc16.com\/portal\/wp-json\/wp\/v2\/posts\/14652\/revisions\/14654"}],"wp:featuredmedia":[{"embeddable":true,"href":"https:\/\/tvc16.com\/portal\/wp-json\/wp\/v2\/media\/14653"}],"wp:attachment":[{"href":"https:\/\/tvc16.com\/portal\/wp-json\/wp\/v2\/media?parent=14652"}],"wp:term":[{"taxonomy":"category","embeddable":true,"href":"https:\/\/tvc16.com\/portal\/wp-json\/wp\/v2\/categories?post=14652"},{"taxonomy":"post_tag","embeddable":true,"href":"https:\/\/tvc16.com\/portal\/wp-json\/wp\/v2\/tags?post=14652"}],"curies":[{"name":"wp","href":"https:\/\/api.w.org\/{rel}","templated":true}]}}