{"id":14655,"date":"2021-05-19T14:46:41","date_gmt":"2021-05-19T17:46:41","guid":{"rendered":"https:\/\/tvc16.com\/portal\/?p=14655"},"modified":"2021-05-19T14:46:43","modified_gmt":"2021-05-19T17:46:43","slug":"cerimonia-marca-entrada-de-novas-integrantes-no-coral-das-meninas-dos-canarinhos","status":"publish","type":"post","link":"https:\/\/tvc16.com\/portal\/2021\/05\/19\/cerimonia-marca-entrada-de-novas-integrantes-no-coral-das-meninas-dos-canarinhos\/","title":{"rendered":"Cerim\u00f4nia marca entrada de novas integrantes no Coral das Meninas dos Canarinhos"},"content":{"rendered":"\n<p><em>Evento acontece no s\u00e1bado e ser\u00e1 transmitido pela internet<\/em><\/p>\n\n\n\n<p>Acontece neste s\u00e1bado (22) a cerim\u00f4nia de investidura das 11 novas integrantes do Coral das Meninas dos Canarinhos de Petr\u00f3polis. Previsto para come\u00e7ar \u00e0s 10 horas, o evento ser\u00e1 realizado no Sagrado Cora\u00e7\u00e3o de Jesus e estar\u00e1 restrito \u00e0 presen\u00e7a das coralistas e dos pais. A cerim\u00f4nia, contudo, poder\u00e1 ser acompanhada de casa pelo<a href=\"https:\/\/www.youtube.com\/user\/coraldoscanarinhos\" target=\"_blank\" rel=\"noreferrer noopener\"> YouTube<\/a> e <a href=\"https:\/\/www.facebook.com\/canarinhosdepetropolis\" target=\"_blank\" rel=\"noreferrer noopener\">Facebook dos Canarinhos.<\/a><\/p>\n\n\n\n<p>Como aponta o maestro Marco Aur\u00e9lio Lischt, o esperado momento \u00e9 resultado da entrega das meninas durante o per\u00edodo enquanto aprendizes. Em fun\u00e7\u00e3o da pandemia, far\u00e3o parte da cerim\u00f4nia de investidura as turmas de 2019 e 2020 do Ponto de Cultura Aprendiz de Canarinho. Normalmente como parte da missa, desta vez, contudo, o evento ser\u00e1 realizado em hor\u00e1rio diferenciado e com redu\u00e7\u00e3o de p\u00fablico, em preven\u00e7\u00e3o \u00e0 Covid-19.<\/p>\n\n\n\n<p>\u201cEsse momento representa o coroamento de todo o esfor\u00e7o e dedica\u00e7\u00e3o que as novas integrantes tiveram ao longo do ano, enquanto se preparavam para ingressar no Coral das Meninas dos Canarinhos. Agora, elas come\u00e7am uma nova etapa em suas vidas, onde ir\u00e3o amadurecer como cantoras e como pessoas tamb\u00e9m. Al\u00e9m disso, o coral segue a sua tradi\u00e7\u00e3o de renova\u00e7\u00e3o, como j\u00e1 \u00e9 realizado h\u00e1 anos em sua trajet\u00f3ria\u201d, diz o maestro Marco Aur\u00e9lio Lischt.<\/p>\n\n\n\n<p>Segundo o Frei Marcos Ant\u00f4nio de Andrade, que celebrar\u00e1 a investidura, ainda que enxuta, a celebra\u00e7\u00e3o ser\u00e1 especial. \u201cEste ano, excepcionalmente, teremos uma celebra\u00e7\u00e3o um pouco diferente do que costumamos fazer. Simples, mas significativa, j\u00e1 que, por causa da pandemia, dois grupos n\u00e3o puderam oficialmente entrar no coro. Faremos a ben\u00e7\u00e3o das vestes e o gesto bastante simb\u00f3lico de entregar a pasta para cada uma\u201d.<\/p>\n\n\n\n<p>Regido pelo maestro Marcelo Vizani, o Coral das Meninas dos Canarinhos de Petr\u00f3polis \u00e9 hoje composto por 56 integrantes. O trabalho do Instituto dos Meninos Cantores de Petr\u00f3polis pode ser acompanhado pelo <a href=\"https:\/\/www.facebook.com\/canarinhosdepetropolis\" target=\"_blank\" rel=\"noreferrer noopener\">Facebook (Canarinhos de Petr\u00f3polis)<\/a>, <a href=\"https:\/\/www.youtube.com\/user\/coraldoscanarinhos\" target=\"_blank\" rel=\"noreferrer noopener\">YouTube (Coral dos Canarinhos de Petr\u00f3polis)<\/a> e <a href=\"https:\/\/www.instagram.com\/coraldoscanarinhos\/\" target=\"_blank\" rel=\"noreferrer noopener\">Instagram (coraldoscanarinhos).<\/a><\/p>\n","protected":false},"excerpt":{"rendered":"<p>Evento acontece no s\u00e1bado e ser\u00e1 transmitido pela internet Acontece neste s\u00e1bado (22) a cerim\u00f4nia<\/p>\n","protected":false},"author":2,"featured_media":14656,"comment_status":"open","ping_status":"open","sticky":false,"template":"","format":"standard","meta":{"footnotes":""},"categories":[12],"tags":[],"class_list":["post-14655","post","type-post","status-publish","format-standard","has-post-thumbnail","hentry","category-cidade"],"_links":{"self":[{"href":"https:\/\/tvc16.com\/portal\/wp-json\/wp\/v2\/posts\/14655","targetHints":{"allow":["GET"]}}],"collection":[{"href":"https:\/\/tvc16.com\/portal\/wp-json\/wp\/v2\/posts"}],"about":[{"href":"https:\/\/tvc16.com\/portal\/wp-json\/wp\/v2\/types\/post"}],"author":[{"embeddable":true,"href":"https:\/\/tvc16.com\/portal\/wp-json\/wp\/v2\/users\/2"}],"replies":[{"embeddable":true,"href":"https:\/\/tvc16.com\/portal\/wp-json\/wp\/v2\/comments?post=14655"}],"version-history":[{"count":1,"href":"https:\/\/tvc16.com\/portal\/wp-json\/wp\/v2\/posts\/14655\/revisions"}],"predecessor-version":[{"id":14657,"href":"https:\/\/tvc16.com\/portal\/wp-json\/wp\/v2\/posts\/14655\/revisions\/14657"}],"wp:featuredmedia":[{"embeddable":true,"href":"https:\/\/tvc16.com\/portal\/wp-json\/wp\/v2\/media\/14656"}],"wp:attachment":[{"href":"https:\/\/tvc16.com\/portal\/wp-json\/wp\/v2\/media?parent=14655"}],"wp:term":[{"taxonomy":"category","embeddable":true,"href":"https:\/\/tvc16.com\/portal\/wp-json\/wp\/v2\/categories?post=14655"},{"taxonomy":"post_tag","embeddable":true,"href":"https:\/\/tvc16.com\/portal\/wp-json\/wp\/v2\/tags?post=14655"}],"curies":[{"name":"wp","href":"https:\/\/api.w.org\/{rel}","templated":true}]}}