{"id":14661,"date":"2021-05-19T15:25:48","date_gmt":"2021-05-19T18:25:48","guid":{"rendered":"https:\/\/tvc16.com\/portal\/?p=14661"},"modified":"2021-05-19T15:25:50","modified_gmt":"2021-05-19T18:25:50","slug":"presidente-do-coi-reafirma-ao-japao-que-olimpiada-sera-segura","status":"publish","type":"post","link":"https:\/\/tvc16.com\/portal\/2021\/05\/19\/presidente-do-coi-reafirma-ao-japao-que-olimpiada-sera-segura\/","title":{"rendered":"Presidente do COI reafirma ao Jap\u00e3o que Olimp\u00edada ser\u00e1 segura"},"content":{"rendered":"\n<h3 class=\"wp-block-heading\">Bach acredita que 80% dos atletas estar\u00e3o vacinados antes dos Jogos<\/h3>\n\n\n\n<h4 class=\"wp-block-heading\">Por Rocky Swift, Irene Wang, Sakura Murakami e Kiyoshi Takenaka &#8211; T\u00f3quio<\/h4>\n\n\n\n<p>O Comit\u00ea Ol\u00edmpico Internacional (COI) reafirmou nesta quarta-feira (19) a um Jap\u00e3o apreensivo que a Olimp\u00edada de T\u00f3quio ser\u00e1 segura tanto para os atletas quanto para a comunidade que os receber\u00e1 em meio a uma oposi\u00e7\u00e3o crescente aos Jogos e temores de que eles causem um pico de casos de covid-19.<img decoding=\"async\" src=\"https:\/\/agenciabrasil.ebc.com.br\/ebc.png?id=1410139&amp;o=node\"><img decoding=\"async\" src=\"https:\/\/agenciabrasil.ebc.com.br\/ebc.gif?id=1410139&amp;o=node\"><\/p>\n\n\n\n<p>Falando em T\u00f3quio ao lado de autoridades japonesas de alto escal\u00e3o, o chefe do COI, Thomas Bach, disse acreditar que mais de 80% dos ocupantes da Vila Ol\u00edmpica estar\u00e3o vacinados ou registrados para se vacinar antes dos Jogos, agendados para come\u00e7ar em 23 de julho.<\/p>\n\n\n\n<p>Ele rejeitou os apelos cada vez maiores de cancelamento da grande atra\u00e7\u00e3o esportiva global, j\u00e1 adiada uma vez devido \u00e0 pandemia, dizendo que outros eventos esportivos provaram que a Olimp\u00edada pode acontecer com precau\u00e7\u00f5es fortes contra a covid.<\/p>\n\n\n\n<p>Os coment\u00e1rios de Bach vieram no momento em que o Jap\u00e3o mant\u00e9m uma batalha contra uma quarta onda de infec\u00e7\u00f5es, mas a campanha de vacina\u00e7\u00e3o lenta mina a confian\u00e7a p\u00fablica j\u00e1 baixa de que a Olimp\u00edada deveria ir adiante.<\/p>\n\n\n\n<blockquote class=\"wp-block-quote is-layout-flow wp-block-quote-is-layout-flow\"><p>&#8220;Junto com nossos parceiros e amigos japoneses, s\u00f3 posso voltar a enfatizar este compromisso total do COI de organizar Jogos Ol\u00edmpicos e Paral\u00edmpicos seguros para todos&#8221;, disse Bach. &#8220;Para conseguir isto, estamos agora plenamente concentrados na realiza\u00e7\u00e3o dos Jogos Ol\u00edmpicos&#8221;.<\/p><\/blockquote>\n\n\n\n<p>Menos de 30% dos profissionais de sa\u00fade de grandes cidades do Jap\u00e3o j\u00e1 foram vacinados contra o coronav\u00edrus a 65 dias do in\u00edcio da Olimp\u00edada, noticiou o jornal Nikkei.<\/p>\n","protected":false},"excerpt":{"rendered":"<p>Bach acredita que 80% dos atletas estar\u00e3o vacinados antes dos Jogos Por Rocky Swift, Irene<\/p>\n","protected":false},"author":2,"featured_media":14662,"comment_status":"open","ping_status":"open","sticky":false,"template":"","format":"standard","meta":{"footnotes":""},"categories":[17],"tags":[],"class_list":["post-14661","post","type-post","status-publish","format-standard","has-post-thumbnail","hentry","category-outras-noticias"],"_links":{"self":[{"href":"https:\/\/tvc16.com\/portal\/wp-json\/wp\/v2\/posts\/14661","targetHints":{"allow":["GET"]}}],"collection":[{"href":"https:\/\/tvc16.com\/portal\/wp-json\/wp\/v2\/posts"}],"about":[{"href":"https:\/\/tvc16.com\/portal\/wp-json\/wp\/v2\/types\/post"}],"author":[{"embeddable":true,"href":"https:\/\/tvc16.com\/portal\/wp-json\/wp\/v2\/users\/2"}],"replies":[{"embeddable":true,"href":"https:\/\/tvc16.com\/portal\/wp-json\/wp\/v2\/comments?post=14661"}],"version-history":[{"count":1,"href":"https:\/\/tvc16.com\/portal\/wp-json\/wp\/v2\/posts\/14661\/revisions"}],"predecessor-version":[{"id":14663,"href":"https:\/\/tvc16.com\/portal\/wp-json\/wp\/v2\/posts\/14661\/revisions\/14663"}],"wp:featuredmedia":[{"embeddable":true,"href":"https:\/\/tvc16.com\/portal\/wp-json\/wp\/v2\/media\/14662"}],"wp:attachment":[{"href":"https:\/\/tvc16.com\/portal\/wp-json\/wp\/v2\/media?parent=14661"}],"wp:term":[{"taxonomy":"category","embeddable":true,"href":"https:\/\/tvc16.com\/portal\/wp-json\/wp\/v2\/categories?post=14661"},{"taxonomy":"post_tag","embeddable":true,"href":"https:\/\/tvc16.com\/portal\/wp-json\/wp\/v2\/tags?post=14661"}],"curies":[{"name":"wp","href":"https:\/\/api.w.org\/{rel}","templated":true}]}}