{"id":14664,"date":"2021-05-19T15:26:40","date_gmt":"2021-05-19T18:26:40","guid":{"rendered":"https:\/\/tvc16.com\/portal\/?p=14664"},"modified":"2021-05-19T15:26:42","modified_gmt":"2021-05-19T18:26:42","slug":"ministro-do-meio-ambiente-e-mais-17-sao-investigados-em-operacao-da-pf","status":"publish","type":"post","link":"https:\/\/tvc16.com\/portal\/2021\/05\/19\/ministro-do-meio-ambiente-e-mais-17-sao-investigados-em-operacao-da-pf\/","title":{"rendered":"Ministro do Meio Ambiente e mais 17 s\u00e3o investigados em opera\u00e7\u00e3o da PF"},"content":{"rendered":"\n<h3 class=\"wp-block-heading\">A\u00e7\u00e3o investiga crimes contra administra\u00e7\u00e3o p\u00fablica<\/h3>\n\n\n\n<h4 class=\"wp-block-heading\">Por Pedro Peduzzi &#8211; Rep\u00f3rter da Ag\u00eancia Brasil &#8211; Bras\u00edlia<\/h4>\n\n\n\n<p>O ministro do Meio Ambiente, Ricardo Salles, \u00e9 um dos alvos da&nbsp;<a href=\"https:\/\/agenciabrasil.ebc.com.br\/justica\/noticia\/2021-05\/operacao-akuanduba-da-pf-apura-crimes-em-orgaos-ambientais\" target=\"_blank\" rel=\"noreferrer noopener\">Opera\u00e7\u00e3o Akuanduba<\/a>, deflagrada hoje (19) pela Pol\u00edcia Federal (PF) por determina\u00e7\u00e3o do ministro Alexandre de Moraes, do Supremo Tribunal Federal (STF). De acordo com a Peti\u00e7\u00e3o n\u00ba 8.975, foram expedidos mandados de busca e apreens\u00e3o \u201cde itens, bens, documentos, m\u00eddias, dados e objetos\u201d contra Salles e mais 17 pessoas, al\u00e9m de cinco pessoas jur\u00eddicas \u2013 no caso, empresas, associa\u00e7\u00f5es e madeireiras.<img decoding=\"async\" src=\"https:\/\/agenciabrasil.ebc.com.br\/ebc.png?id=1410141&amp;o=node\"><img decoding=\"async\" src=\"https:\/\/agenciabrasil.ebc.com.br\/ebc.gif?id=1410141&amp;o=node\"><\/p>\n\n\n\n<p>O ministro teve tamb\u00e9m seus sigilos banc\u00e1rio e fiscal quebrados. Moraes determinou, ainda, o afastamento de Eduardo Bim do cargo de presidente do Instituto Brasileiro do Meio Ambiente e dos Recursos Naturais Renov\u00e1veis (Ibama). A Opera\u00e7\u00e3o Akuanduba investiga crimes contra a administra\u00e7\u00e3o p\u00fablica, como corrup\u00e7\u00e3o, advocacia administrativa, prevarica\u00e7\u00e3o e facilita\u00e7\u00e3o de contrabando, praticados por agentes p\u00fablicos e empres\u00e1rios. De acordo com&nbsp;as investiga\u00e7\u00f5es, o esquema criminoso tinha car\u00e1ter transnacional.<\/p>\n\n\n\n<p>\u201cDe acordo com a representa\u00e7\u00e3o da autoridade policial, os depoimentos, os documentos e os dados coligidos sinalizam, em tese, para a exist\u00eancia de grave esquema de facilita\u00e7\u00e3o ao contrabando de produtos florestais o qual teria o envolvimento de autoridade com prerrogativa de foro nessa Suprema Corte, no caso, o ministro do Meio Ambiente, Ricardo de Aquino Salles; al\u00e9m de servidores p\u00fablicos e de pessoas jur\u00eddicas\u201d, informa a peti\u00e7\u00e3o expedida por Moraes. O material apreendido ser\u00e1 periciado pelo Instituto Nacional de Criminal\u00edstica (INC), da PF.<\/p>\n\n\n\n<p>Citando apontamentos feitos por autoridades policiais, Moraes diz estar &#8220;evidente que o interesse privado de alguns poucos empres\u00e1rios, reincidentes na pr\u00e1tica de infra\u00e7\u00f5es ambientais, foi colocado \u00e0 frente do interesse p\u00fablico&#8221;.<\/p>\n\n\n\n<p>\u201cEsta empreitada criminosa n\u00e3o apenas realiza o patroc\u00ednio do interesse privado de madeireiros e exportadores em preju\u00edzo do interesse p\u00fablico, notadamente atrav\u00e9s da legaliza\u00e7\u00e3o e de forma retroativa de milhares de carregamentos de produtos florestais exportados em disson\u00e2ncia com as normas ambientais vigentes entre os anos de 2019 e 2020 mas, tamb\u00e9m, tem criado s\u00e9rios obst\u00e1culos \u00e0 a\u00e7\u00e3o fiscalizat\u00f3ria do Poder P\u00fablico no trato das quest\u00f5es ambientais com ineg\u00e1veis preju\u00edzos a toda a sociedade\u201d, acrescenta.<\/p>\n\n\n\n<p>Segundo Moraes, as investiga\u00e7\u00f5es apontam que empresas flagradas exportando ilegalmente produtos florestais teriam buscado apoio da Superintend\u00eancia do Ibama no Par\u00e1, que teria emitido certid\u00f5es e of\u00edcio, \u201cclaramente sem valor, por aus\u00eancia de previs\u00e3o legal, que n\u00e3o foram aceitos pelas autoridades norte-americanas\u201d.<\/p>\n\n\n\n<p>A&nbsp;<strong>Ag\u00eancia Brasil<\/strong>&nbsp;entrou em contato com o Minist\u00e9rio do Meio Ambiente e com o Ibama, na busca por um posicionamento sobre a Opera\u00e7\u00e3o Akuanduba,&nbsp;e aguarda retorno.<\/p>\n\n\n\n<p>Edi\u00e7\u00e3o: Juliana Andrade<\/p>\n","protected":false},"excerpt":{"rendered":"<p>A\u00e7\u00e3o investiga crimes contra administra\u00e7\u00e3o p\u00fablica Por Pedro Peduzzi &#8211; Rep\u00f3rter da Ag\u00eancia Brasil &#8211;<\/p>\n","protected":false},"author":2,"featured_media":14665,"comment_status":"open","ping_status":"open","sticky":false,"template":"","format":"standard","meta":{"footnotes":""},"categories":[17],"tags":[],"class_list":["post-14664","post","type-post","status-publish","format-standard","has-post-thumbnail","hentry","category-outras-noticias"],"_links":{"self":[{"href":"https:\/\/tvc16.com\/portal\/wp-json\/wp\/v2\/posts\/14664","targetHints":{"allow":["GET"]}}],"collection":[{"href":"https:\/\/tvc16.com\/portal\/wp-json\/wp\/v2\/posts"}],"about":[{"href":"https:\/\/tvc16.com\/portal\/wp-json\/wp\/v2\/types\/post"}],"author":[{"embeddable":true,"href":"https:\/\/tvc16.com\/portal\/wp-json\/wp\/v2\/users\/2"}],"replies":[{"embeddable":true,"href":"https:\/\/tvc16.com\/portal\/wp-json\/wp\/v2\/comments?post=14664"}],"version-history":[{"count":1,"href":"https:\/\/tvc16.com\/portal\/wp-json\/wp\/v2\/posts\/14664\/revisions"}],"predecessor-version":[{"id":14666,"href":"https:\/\/tvc16.com\/portal\/wp-json\/wp\/v2\/posts\/14664\/revisions\/14666"}],"wp:featuredmedia":[{"embeddable":true,"href":"https:\/\/tvc16.com\/portal\/wp-json\/wp\/v2\/media\/14665"}],"wp:attachment":[{"href":"https:\/\/tvc16.com\/portal\/wp-json\/wp\/v2\/media?parent=14664"}],"wp:term":[{"taxonomy":"category","embeddable":true,"href":"https:\/\/tvc16.com\/portal\/wp-json\/wp\/v2\/categories?post=14664"},{"taxonomy":"post_tag","embeddable":true,"href":"https:\/\/tvc16.com\/portal\/wp-json\/wp\/v2\/tags?post=14664"}],"curies":[{"name":"wp","href":"https:\/\/api.w.org\/{rel}","templated":true}]}}