{"id":14667,"date":"2021-05-19T15:27:53","date_gmt":"2021-05-19T18:27:53","guid":{"rendered":"https:\/\/tvc16.com\/portal\/?p=14667"},"modified":"2021-05-19T15:27:55","modified_gmt":"2021-05-19T18:27:55","slug":"brasil-perde-2-vagas-em-toquio-apos-mudanca-na-classificacao-da-fina","status":"publish","type":"post","link":"https:\/\/tvc16.com\/portal\/2021\/05\/19\/brasil-perde-2-vagas-em-toquio-apos-mudanca-na-classificacao-da-fina\/","title":{"rendered":"Brasil perde 2 vagas em T\u00f3quio ap\u00f3s mudan\u00e7a na classifica\u00e7\u00e3o da Fina"},"content":{"rendered":"\n<h3 class=\"wp-block-heading\">Pelas nova regras, Luana Lira e Isaac Souza n\u00e3o ir\u00e3o mais aos Jogos<\/h3>\n\n\n\n<h4 class=\"wp-block-heading\">Por Ag\u00eancia Brasil &#8211; Rio de Janeiro<\/h4>\n\n\n\n<p>O Brasil perdeu duas das&nbsp;<a href=\"https:\/\/agenciabrasil.ebc.com.br\/esportes\/noticia\/2021-05\/saltos-ornamentais-brasil-chega-4-vagas-e-kawan-termina-no-top-10\">quatro vagas&nbsp;<\/a>ol\u00edmpicas garantidas na Copa do Mundo de Saltos Ornamentais (evento Pr\u00e9-Ol\u00edmpico) realizada no in\u00edcio deste m\u00eas em T\u00f3quio (Jap\u00e3o).&nbsp;Na semana passada, a Federa\u00e7\u00e3o Internacional de Nata\u00e7\u00e3o (Fina) comunicou a desclassifica\u00e7\u00e3o dos atletas Isaac Souza (plataforma de 10 metros) e Luana Lira (trampolim de 3m), em notifica\u00e7\u00e3o enviada \u00e0 Confedera\u00e7\u00e3o Brasileira de Desportos Aqu\u00e1ticos (CBDA). Segundo a Confedera\u00e7\u00e3o Ol\u00edmpica do Brasil (COB), a Fina alterou as regras de classifica\u00e7\u00e3o ap\u00f3s a realiza\u00e7\u00e3o do Pr\u00e9-Ol\u00edmpico.&nbsp;<img decoding=\"async\" src=\"https:\/\/agenciabrasil.ebc.com.br\/ebc.png?id=1410149&amp;o=node\"><img decoding=\"async\" src=\"https:\/\/agenciabrasil.ebc.com.br\/ebc.gif?id=1410149&amp;o=node\"><\/p>\n\n\n\n<p>\u201cA Fina deu uma nova interpreta\u00e7\u00e3o \u00e0 regra de classifica\u00e7\u00e3o durante a Seletiva em T\u00f3quio, informando que teve que fazer isso porque o n\u00famero de atletas classificados pelo crit\u00e9rio sempre utilizado estourou o m\u00e1ximo permitido pelo Comit\u00ea Ol\u00edmpico Internacional (COI). Agora est\u00e3o querendo considerar classificados os finalistas. Antes eram os semifinalistas do pr\u00e9-ol\u00edmpico. O COB ainda aguarda comunica\u00e7\u00e3o oficial e o desenrolar das a\u00e7\u00f5es tomadas pela CBDA) para se posicionar\u201d, afirmou o COB, na manh\u00e3 desta quarta-feira (19).<\/p>\n\n\n\n<figure class=\"wp-block-image\"><img decoding=\"async\" src=\"https:\/\/imagens.ebc.com.br\/XFVZplNSLccVHKTqtPUSMJiizeA=\/754x0\/smart\/https:\/\/agenciabrasil.ebc.com.br\/sites\/default\/files\/thumbnails\/image\/isaac_souza_kawan_pereira_e_ingrid_oliveira_saltos.jpeg?itok=OC5BHDWY\" alt=\"Isaac Souza, Kawan Pereira e Ingrid Oliveira - vagas ol\u00edmpicas - classificados - Saltos Ornamentais\" title=\"CBDA\/Divulga\u00e7\u00e3o\"\/><\/figure>\n\n\n\n<p>Isaac Souza, Kawan Pereira e Ingrid Oliveira se classificaram \u00e0 Olimp\u00edada de T\u00f3quio no \u00faltimo dia 3, na Copa do Mundo de Saltos Ornamentais, realizada na capital japonesa.&nbsp;<strong>CBDA\/Divulga\u00e7\u00e3o<\/strong><\/p>\n\n\n\n<p>A saltadora Luana Lira foi&nbsp;<a href=\"https:\/\/agenciabrasil.ebc.com.br\/esportes\/noticia\/2021-05\/brasil-garante-tres-vagas-no-pre-olimpico-de-saltos-ornamentais\">a primeira a assegurar a vaga ol\u00edmpica,<\/a>&nbsp;no \u00faltimo dia 3, ao chegar \u00e0 semifinal da prova de trampolim de 3 metros, terminando em 18\u00ba lugar (os 18 primeiros colocados asseguravam a classifica\u00e7\u00e3o a T\u00f3quio). No mesmo dia, Isaac Souza tamb\u00e9m carimbou a vaga ao avan\u00e7ar \u00e0 semifinal. plataforma de 10m, concluindo sua participa\u00e7\u00e3o tamb\u00e9m na 18\u00aa posi\u00e7\u00e3o na classifica\u00e7\u00e3o geral.&nbsp;&nbsp;<\/p>\n\n\n\n<p>Outros dois saltadores se classificaram aos Jogos Ol\u00edmpicos durante a&nbsp;Copa do Mundo: Kawan Pereira e Ingrid Oliveira, ambos na plataforma de 10m.&nbsp;<\/p>\n\n\n\n<p>A CBDA afirmou que s\u00f3 ir\u00e1 se pronunciar sobre o assunto ap\u00f3s esgotar todas as tentativas de enviar os aos Jogos Ol\u00edmpicos.<\/p>\n\n\n\n<p>Edi\u00e7\u00e3o: Cl\u00e1udia Soares Rodrigues<\/p>\n","protected":false},"excerpt":{"rendered":"<p>Pelas nova regras, Luana Lira e Isaac Souza n\u00e3o ir\u00e3o mais aos Jogos Por Ag\u00eancia<\/p>\n","protected":false},"author":2,"featured_media":14668,"comment_status":"open","ping_status":"open","sticky":false,"template":"","format":"standard","meta":{"footnotes":""},"categories":[17],"tags":[],"class_list":["post-14667","post","type-post","status-publish","format-standard","has-post-thumbnail","hentry","category-outras-noticias"],"_links":{"self":[{"href":"https:\/\/tvc16.com\/portal\/wp-json\/wp\/v2\/posts\/14667","targetHints":{"allow":["GET"]}}],"collection":[{"href":"https:\/\/tvc16.com\/portal\/wp-json\/wp\/v2\/posts"}],"about":[{"href":"https:\/\/tvc16.com\/portal\/wp-json\/wp\/v2\/types\/post"}],"author":[{"embeddable":true,"href":"https:\/\/tvc16.com\/portal\/wp-json\/wp\/v2\/users\/2"}],"replies":[{"embeddable":true,"href":"https:\/\/tvc16.com\/portal\/wp-json\/wp\/v2\/comments?post=14667"}],"version-history":[{"count":1,"href":"https:\/\/tvc16.com\/portal\/wp-json\/wp\/v2\/posts\/14667\/revisions"}],"predecessor-version":[{"id":14669,"href":"https:\/\/tvc16.com\/portal\/wp-json\/wp\/v2\/posts\/14667\/revisions\/14669"}],"wp:featuredmedia":[{"embeddable":true,"href":"https:\/\/tvc16.com\/portal\/wp-json\/wp\/v2\/media\/14668"}],"wp:attachment":[{"href":"https:\/\/tvc16.com\/portal\/wp-json\/wp\/v2\/media?parent=14667"}],"wp:term":[{"taxonomy":"category","embeddable":true,"href":"https:\/\/tvc16.com\/portal\/wp-json\/wp\/v2\/categories?post=14667"},{"taxonomy":"post_tag","embeddable":true,"href":"https:\/\/tvc16.com\/portal\/wp-json\/wp\/v2\/tags?post=14667"}],"curies":[{"name":"wp","href":"https:\/\/api.w.org\/{rel}","templated":true}]}}