{"id":1467,"date":"2020-09-28T14:42:53","date_gmt":"2020-09-28T14:42:53","guid":{"rendered":"https:\/\/tvc16.com\/portal\/?p=1467"},"modified":"2020-09-28T14:42:53","modified_gmt":"2020-09-28T14:42:53","slug":"especialistas-chamam-a-atencao-para-cuidados-em-relacao-a-miopia","status":"publish","type":"post","link":"https:\/\/tvc16.com\/portal\/2020\/09\/28\/especialistas-chamam-a-atencao-para-cuidados-em-relacao-a-miopia\/","title":{"rendered":"Especialistas chamam a aten\u00e7\u00e3o para cuidados em rela\u00e7\u00e3o \u00e0 miopia"},"content":{"rendered":"\n<p><em>Nos pr\u00f3ximos trinta anos a miopia deve crescer cerca de 89% no Brasil segundo proje\u00e7\u00e3o da OMS<\/em><\/p>\n\n\n\n<p><br>Qualquer diminui\u00e7\u00e3o da vis\u00e3o pode mudar de forma significativa a vida de qualquer pessoa. Situa\u00e7\u00f5es simples do dia a dia, podem ser um grande problema. Imagine n\u00e3o conseguir enxergar se o \u00f4nibus que est\u00e1 vindo \u00e9 o seu ou n\u00e3o identificar algu\u00e9m que est\u00e1 acenando pra voc\u00ea a uma certa dist\u00e2ncia. Esses s\u00e3o alguns exemplos corriqueiros de situa\u00e7\u00f5es que acontecem com quem n\u00e3o v\u00ea bem de longe, como os m\u00edopes.\u00a0<\/p>\n\n\n\n<p>A miopia \u00e9 um dist\u00farbio caracterizado por dificuldades na vis\u00e3o para longe. Assim como os demais problemas de refra\u00e7\u00e3o como hipermetropia e astigmatismo, quem sofre de miopia n\u00e3o tem a imagem corretamente focada pela retina devido \u00e0 distor\u00e7\u00f5es criadas na passagem da luz atrav\u00e9s do olho.<\/p>\n\n\n\n<p><br>Segundo dados da OMS, a Organiza\u00e7\u00e3o Mundial da Sa\u00fade, a Miopia acomete atualmente cerca de 2.600 milh\u00f5es de pessoas no mundo e os n\u00fameros s\u00e3o ainda maiores para os pr\u00f3ximos trinta anos. No Brasil, a expectativa \u00e9 que at\u00e9 o ano de 2050 haja 89% de eleva\u00e7\u00e3o no n\u00famero de casos e mundialmente, a previs\u00e3o \u00e9 de 49% de aumento.\u00a0<\/p>\n\n\n\n<p><br>\u201cA miopia se manifesta normalmente de forma lenta e progressiva, podendo come\u00e7ar em crian\u00e7as ou adultos jovens. Ela provoca dificuldade de vis\u00e3o para longe e tamb\u00e9m pode ser causa de dor de cabe\u00e7a pelo esfor\u00e7o para enxergar. Essa expectativa de grande aumento do n\u00famero de m\u00edopes est\u00e1 relacionada \u00e0 modifica\u00e7\u00f5es de h\u00e1bitos da popula\u00e7\u00e3o, como uso frequente de celulares, tablets e computadores, al\u00e9m da pouca exposi\u00e7\u00e3o\u00a0a\u00a0luz solar. Esses fatores\u00a0vem\u00a0sendo relacionados a um aumento progressivo do n\u00famero de casos \u00a0de miopia e tamb\u00e9m a progress\u00e3o do grau, principalmente em pacientes jovens\u201d, diz o especialista em miopia, Dr\u00ba Fernando Medeiros.<br><\/p>\n\n\n\n<figure class=\"wp-block-image size-large\"><img loading=\"lazy\" decoding=\"async\" width=\"1024\" height=\"1024\" src=\"https:\/\/tvc16.com\/portal\/wp-content\/uploads\/2020\/09\/WhatsApp-Image-2020-09-28-at-11.40.56-1024x1024.jpeg\" alt=\"\" class=\"wp-image-1471\" srcset=\"https:\/\/tvc16.com\/portal\/wp-content\/uploads\/2020\/09\/WhatsApp-Image-2020-09-28-at-11.40.56-1024x1024.jpeg 1024w, https:\/\/tvc16.com\/portal\/wp-content\/uploads\/2020\/09\/WhatsApp-Image-2020-09-28-at-11.40.56-300x300.jpeg 300w, https:\/\/tvc16.com\/portal\/wp-content\/uploads\/2020\/09\/WhatsApp-Image-2020-09-28-at-11.40.56-150x150.jpeg 150w, https:\/\/tvc16.com\/portal\/wp-content\/uploads\/2020\/09\/WhatsApp-Image-2020-09-28-at-11.40.56-768x768.jpeg 768w, https:\/\/tvc16.com\/portal\/wp-content\/uploads\/2020\/09\/WhatsApp-Image-2020-09-28-at-11.40.56.jpeg 1280w\" sizes=\"auto, (max-width: 1024px) 100vw, 1024px\" \/><\/figure>\n\n\n\n<p>A corre\u00e7\u00e3o da miopia \u00e9 feita basicamente com \u00f3culos e lentes de contato. Em muitos casos, em condi\u00e7\u00f5es ideais, pode tamb\u00e9m ser corrigida de forma mais definitiva com cirurgia. \u201cA modalidade cir\u00fargica mais comum \u00e9 com uso do Excimer Laser, mas tamb\u00e9m \u00e9 poss\u00edvel implantar lentes intraoculares como a Artisan, em casos espec\u00edficos. Vale ressaltar que n\u00e3o s\u00e3o todos os pacientes que podem fazer a corre\u00e7\u00e3o dessa forma, por isso \u00e9 recomendado uma s\u00e9rie de exames minuciosos e consultas com um especialista em cirurgia refrativa\u201d, pontua o oftalmologista.\u00a0<\/p>\n\n\n\n<p>O casal Ana Carolina e Pascal\u00a0Loeffelmann\u00a0moram em Zurique na Su\u00ed\u00e7a e vieram at\u00e9 Petr\u00f3polis para realizar sua cirurgia de corre\u00e7\u00e3o de miopia em 2009. Segundo eles, o procedimento trouxe v\u00e1rios benef\u00edcios para o seu dia a dia.<\/p>\n\n\n\n<p><br>\u201cUsar \u00f3culos se tornou uma mol\u00e9stia, j\u00e1 que depois de um dia de trabalho os olhos ficavam cansados e n\u00e3o tive uma boa adapta\u00e7\u00e3o a lente de contato no dia a dia. Com a\u00a0cirurgia\u00a0de miopia passei a ter qualidade de vida pois parei de me preocupar onde havia esquecido os \u00f3culos e n\u00e3o sentia mais o cansa\u00e7o. Praticar esportes como o t\u00eanis ou ir nadar passou a ser algo prazeroso e sem preocupa\u00e7\u00e3o. A cirurgia foi a melhor decis\u00e3o que j\u00e1 fiz na minha vida e recomendaria mil vezes pois s\u00f3 veio a somar\u201d, relata.\u00a0<\/p>\n\n\n\n<p><br>A cirurgia de miopia por laser tem por objetivo dar independ\u00eancia dos \u00f3culos e lentes de contato ao paciente. \u00c9 um procedimento considerado r\u00e1pido e seguro, mas s\u00f3 altera a anatomia da c\u00f3rnea. As demais estruturas do globo ocular continuar\u00e3o com caracter\u00edsticas de um olho m\u00edope.<br>Por isso os especialistas recomendam que alguns h\u00e1bitos sejam tomados para tentar retardar a evolu\u00e7\u00e3o da doen\u00e7a, que est\u00e1 relacionada diretamente a quest\u00f5es gen\u00e9ticas.\u00a0<\/p>\n\n\n\n<p><br>A diminui\u00e7\u00e3o do tempo uso de eletr\u00f4nicos e a pr\u00e1tica de atividades ao ar livre, podem auxiliar nesse processo, particularmente em crian\u00e7as e adolescentes. Algumas estrat\u00e9gias como prescri\u00e7\u00e3o precisa do grau, lentes de contato especiais e at\u00e9 uso de alguns col\u00edrios, vem sendo discutidas e utilizadas em todo o mundo na tentativa de frear a progress\u00e3o do grau dos m\u00edopes.<\/p>\n\n\n\n<p><br>\u201c\u00c9 importante ressaltar que m\u00edopes s\u00e3o mais propensos ao glaucoma e ao descolamento de retina, portanto quando se fala em controle da miopia n\u00e3o \u00e9 somente uma quest\u00e3o de grau maior ou menor, \u00e9 uma quest\u00e3o de sa\u00fade ocular, finaliza o Dr.\u201d<\/p>\n\n\n\n<p>Marcos Lara\/Profilm<\/p>\n","protected":false},"excerpt":{"rendered":"<p>Nos pr\u00f3ximos trinta anos a miopia deve crescer cerca de 89% no Brasil segundo proje\u00e7\u00e3o<\/p>\n","protected":false},"author":2,"featured_media":1472,"comment_status":"open","ping_status":"open","sticky":false,"template":"","format":"standard","meta":{"footnotes":""},"categories":[13],"tags":[],"class_list":["post-1467","post","type-post","status-publish","format-standard","has-post-thumbnail","hentry","category-saude"],"_links":{"self":[{"href":"https:\/\/tvc16.com\/portal\/wp-json\/wp\/v2\/posts\/1467","targetHints":{"allow":["GET"]}}],"collection":[{"href":"https:\/\/tvc16.com\/portal\/wp-json\/wp\/v2\/posts"}],"about":[{"href":"https:\/\/tvc16.com\/portal\/wp-json\/wp\/v2\/types\/post"}],"author":[{"embeddable":true,"href":"https:\/\/tvc16.com\/portal\/wp-json\/wp\/v2\/users\/2"}],"replies":[{"embeddable":true,"href":"https:\/\/tvc16.com\/portal\/wp-json\/wp\/v2\/comments?post=1467"}],"version-history":[{"count":1,"href":"https:\/\/tvc16.com\/portal\/wp-json\/wp\/v2\/posts\/1467\/revisions"}],"predecessor-version":[{"id":1473,"href":"https:\/\/tvc16.com\/portal\/wp-json\/wp\/v2\/posts\/1467\/revisions\/1473"}],"wp:featuredmedia":[{"embeddable":true,"href":"https:\/\/tvc16.com\/portal\/wp-json\/wp\/v2\/media\/1472"}],"wp:attachment":[{"href":"https:\/\/tvc16.com\/portal\/wp-json\/wp\/v2\/media?parent=1467"}],"wp:term":[{"taxonomy":"category","embeddable":true,"href":"https:\/\/tvc16.com\/portal\/wp-json\/wp\/v2\/categories?post=1467"},{"taxonomy":"post_tag","embeddable":true,"href":"https:\/\/tvc16.com\/portal\/wp-json\/wp\/v2\/tags?post=1467"}],"curies":[{"name":"wp","href":"https:\/\/api.w.org\/{rel}","templated":true}]}}