{"id":14671,"date":"2021-05-19T15:31:13","date_gmt":"2021-05-19T18:31:13","guid":{"rendered":"https:\/\/tvc16.com\/portal\/?p=14671"},"modified":"2021-05-19T15:31:15","modified_gmt":"2021-05-19T18:31:15","slug":"cpi-pazuello-diz-que-nao-foi-orientado-a-indicar-tratamento-precoce","status":"publish","type":"post","link":"https:\/\/tvc16.com\/portal\/2021\/05\/19\/cpi-pazuello-diz-que-nao-foi-orientado-a-indicar-tratamento-precoce\/","title":{"rendered":"CPI: Pazuello diz que n\u00e3o foi orientado a indicar tratamento precoce"},"content":{"rendered":"\n<h3 class=\"wp-block-heading\">Ex-ministro da Sa\u00fade foi o oitavo a prestar depoimento no Senado<\/h3>\n\n\n\n<h4 class=\"wp-block-heading\">Por Karine Melo &#8211; Rep\u00f3rter da Ag\u00eancia Brasil &#8211; Bras\u00edlia<\/h4>\n\n\n\n<p>O ex-ministro da Sa\u00fade Eduardo Pazuello negou nesta quarta-feira (19), em depoimento \u00e0 Comiss\u00e3o Parlamentar de Inqu\u00e9rito (CPI) da Pandemia do Senado, que tenha assumido a pasta sob a condi\u00e7\u00e3o de seguir ordens do presidente da Rep\u00fablica, Jair Bolsonaro, de recomendar o chamado \u201ctratamento precoce\u201d para a covid-19, que inclui medicamentos sem comprova\u00e7\u00e3o cient\u00edfica como a hidroxicloroquina. \u201cEm hip\u00f3tese alguma. O presidente nunca me deu ordens diretas para nada\u201d, garantiu.<img decoding=\"async\" src=\"https:\/\/agenciabrasil.ebc.com.br\/ebc.png?id=1410147&amp;o=node\"><img decoding=\"async\" src=\"https:\/\/agenciabrasil.ebc.com.br\/ebc.gif?id=1410147&amp;o=node\"><\/p>\n\n\n\n<p>Pazuello acrescentou que foi nomeado por Bolsonaro para \u201cfazer as coisas andarem o mais r\u00e1pido poss\u00edvel\u201d e que a miss\u00e3o era \u201ctrocar a roda do carro com o carro andando\u201d. Sobre sua experi\u00eancia para assumir o minist\u00e9rio, Pazuello lembrou as fun\u00e7\u00f5es que exerceu ao longo da carreira, entre elas, o comando de hospitais de campanha, como na Opera\u00e7\u00e3o Acolhida, na fronteira com a Venezuela. &#8220;Sobre gest\u00e3o e lideran\u00e7a, acho que nem preciso responder. \u00c9 como responder se a chuva molha. Todo militar tem isso&#8221;, disse.<\/p>\n\n\n\n<p>Aos senadores, o general avaliou ser apto para o comando da pasta da Sa\u00fade por ter &#8211; assim como outros ministros n\u00e3o m\u00e9dicos que ocuparam o posto &#8211; capacidade de ouvir, sensibilidade para a tomada de decis\u00e3o r\u00e1pida.<\/p>\n\n\n\n<h2 class=\"wp-block-heading\">Imunidade de rebanho<\/h2>\n\n\n\n<p>Ao falar da tese da &#8220;imunidade de rebanho&#8221;, o ex-ministro Pazuello reconheceu que ela \u201c\u00e9 real&#8221;, mas disse que n\u00e3o pode ser usada como \u00fanica estrat\u00e9gia para imunizar a popula\u00e7\u00e3o. &#8220;Que se tem uma imunidade a partir de v\u00e1rias pessoas, n\u00e3o h\u00e1 d\u00favida, mas como n\u00e3o se sabe o grau de for\u00e7a desses anticorpos, e por quanto tempo ele fica no organismo, n\u00e3o se pode estar apoiado apenas nesta tese. Tem que partir para a imuniza\u00e7\u00e3o com vacina&#8221;, afirmou. O ex-ministro disse que sua opini\u00e3o sobre o assunto n\u00e3o foi formada por conselhos do deputado federal Osmar Terra, um dos defensores da tese. Tamb\u00e9m negou que o presidente Jair Bolsonaro tenha determinado que seguisse essa estrat\u00e9gia.<\/p>\n\n\n\n<h2 class=\"wp-block-heading\">OMS<\/h2>\n\n\n\n<p>Sobre os motivos que levaram o governo brasileiro a n\u00e3o seguir orienta\u00e7\u00f5es dadas pela Organiza\u00e7\u00e3o Mundial da Sa\u00fade (OMS), Pazuello disse que a OMS, assim como a Organiza\u00e7\u00e3o Pan-Americana da Sa\u00fade (Opas), n\u00e3o imp\u00f5e condi\u00e7\u00f5es ao governo brasileiro. &#8220;Nossa decis\u00e3o \u00e9 plena, n\u00e3o somos obrigados a seguir nenhum tipo de orienta\u00e7\u00e3o de OMS, de ONU, de lugar nenhum. Somos soberanos.&#8221;<\/p>\n\n\n\n<p>Para o ex-ministro, as posi\u00e7\u00f5es da OMS eram claras, mas n\u00e3o cont\u00ednuas, pelo pr\u00f3prio desconhecimento da organiza\u00e7\u00e3o sobre a pandemia. &#8220;A OMS nos dava uma posi\u00e7\u00e3o, mas cabia a n\u00f3s escolher o que seguir&#8221;, acrescentou.<\/p>\n\n\n\n<p>Pazuello minimizou manifesta\u00e7\u00f5es do governo federal sobre medidas n\u00e3o farmacol\u00f3gicas, como isolamento social e disse que como ministro sempre defendeu medidas protetivas.<\/p>\n\n\n\n<p>\u201cSempre me posicionei da mesma forma: [favoravelmente] a medidas preventivas, incluindo o distanciamento social necess\u00e1rio em cada situa\u00e7\u00e3o\u201d, destacou. Pazuello acrescentou que durante a sua gest\u00e3o sempre ressaltou a import\u00e2ncia de medidas como uso de m\u00e1scaras e lavagem das m\u00e3os.<\/p>\n\n\n\n<h2 class=\"wp-block-heading\">Pfizer<\/h2>\n\n\n\n<p>Na contram\u00e3o das declara\u00e7\u00f5es do CEO da Pfizer, Carlos Murillo, e do ex-secret\u00e1rio de Comunica\u00e7\u00e3o da Presid\u00eancia, Fabio Wajngarten, que \u00e0 CPI disseram que o governo brasileiro ficou dois meses sem dar retorno \u00e0 farmac\u00eautica sobre proposta feita para aquisi\u00e7\u00e3o de vacinas, o ex-ministro da Sa\u00fade disse que vai entregar documentos ao colegiado que, segundo ele, provam que houve respostas \u00e0 empresa americana.<\/p>\n\n\n\n<p>\u201cComo assim n\u00e3o houve respostas? N\u00f3s tivemos 20 respostas \u00e0 Pfizer\u201d, destacou Pazuello. O general detalhou aos senadores que os contatos com a farmac\u00eautica come\u00e7aram ainda em 2020 e que o pre\u00e7o e a quantidade de doses oferecidas pela empresa, por exemplo, estiveram entre os entraves para a negocia\u00e7\u00e3o.<\/p>\n\n\n\n<p>O ex-ministro disse ainda que passou setembro e outubro de 2020 analisando o contrato da farmac\u00eautica e ressaltou que o Minist\u00e9rio da Sa\u00fade nunca fechou as portas e sempre quis comprar a vacina da Pfizer.<\/p>\n\n\n\n<h2 class=\"wp-block-heading\">Investimentos<\/h2>\n\n\n\n<p>\u00c0 CPI, o ex-ministro da Sa\u00fade avaliou que &#8220;nunca se investiu tanto em sa\u00fade no Brasil&#8221;. Segundo ele, o legado deixado pelos investimentos feitos pelo governo federal em estados e munic\u00edpios proporcionar\u00e1, de forma definitiva, uma melhora na estrutura em sa\u00fade ofertada pelos governos locais.<\/p>\n\n\n\n<p>Pazuello disse que, em 2020, o Minist\u00e9rio da Sa\u00fade repassou aos demais entes da federa\u00e7\u00e3o R$ 115 bilh\u00f5es. O ex-ministro informou que foram liberados mais de R$ 500 bilh\u00f5es, no total, \u00e0s mais diversas a\u00e7\u00f5es relacionadas ao combate \u00e0 pandemia.&nbsp;<\/p>\n\n\n\n<p>Ao relacionar as a\u00e7\u00f5es tomadas enquanto chefiou a pasta, Pazuello falou sobre campanhas de orienta\u00e7\u00e3o contra a propaga\u00e7\u00e3o do v\u00edrus. Segundo o general, foram 11 campanhas e 271 v\u00eddeos institucionais, sobre a capacidade de testagem e a cria\u00e7\u00e3o de programas federais, como bancos gen\u00e9ticos para monitorar novas variantes do v\u00edrus.<\/p>\n\n\n\n<figure class=\"wp-block-image\"><img decoding=\"async\" src=\"https:\/\/imagens.ebc.com.br\/D2eM3HtFSjvrZsLESjy05CUdLK8=\/754x0\/smart\/https:\/\/agenciabrasil.ebc.com.br\/sites\/default\/files\/thumbnails\/image\/51190328890_74e1b66da4_o.jpg?itok=5NdobiFu\" alt=\"Comiss\u00e3o Parlamentar de Inqu\u00e9rito da Pandemia (CPIPANDEMIA) realiza oitiva do ex-ministro da Sa\u00fade. O objetivo \u00e9 obter respostas sobre a conduta do ex-ministro nos dez meses em que esteve \u00e0 frente do minist\u00e9rio, em pontos como postura\" title=\"Edilson Rodrigues\/Ag\u00eancia Senado\"\/><\/figure>\n\n\n\n<h6 class=\"wp-block-heading\">Comiss\u00e3o Parlamentar de Inqu\u00e9rito da Pandemia (CPIPANDEMIA) realiza oitiva do ex-ministro da Sa\u00fade. O objetivo \u00e9 obter respostas sobre a conduta do ex-ministro nos dez meses em que esteve \u00e0 frente do minist\u00e9rio, em pontos como postura &#8211;&nbsp;<strong>Edilson Rodrigues\/Ag\u00eancia Senado<\/strong><\/h6>\n\n\n\n<h2 class=\"wp-block-heading\">STF<\/h2>\n\n\n\n<p>Pazuello lembrou que, embora a Uni\u00e3o disponibilize recursos para que estados e munic\u00edpios executem as a\u00e7\u00f5es de sa\u00fade, a decis\u00e3o do Supremo Tribunal Federal (STF) de abril de 2020 &#8211; que garantiu aos governadores a tomada de decis\u00f5es sobre medidas contra o coronav\u00edrus &#8211; limitou essas medidas. \u201cN\u00e3o h\u00e1 possibilidade de o Minist\u00e9rio da Sa\u00fade interferir na execu\u00e7\u00e3o das a\u00e7\u00f5es sem usurpar compet\u00eancias dos estados e munic\u00edpios. Isso seria poss\u00edvel no caso de interven\u00e7\u00e3o federal em algum estado. O gestor pleno do SUS [Sistema \u00danico de Sa\u00fade] \u00e9 o secret\u00e1rio municipal de Sa\u00fade\u201d, lembrou.<\/p>\n\n\n\n<p>Sobre a rela\u00e7\u00e3o com estados e munic\u00edpios, Eduardo Pazuello destacou que a primeira medida foi desenvolver uma ferramenta de an\u00e1lise de riscos e que \u00e0 \u00e9poca j\u00e1 havia uma nota t\u00e9cnica que foi distribu\u00edda a todos os prefeitos. \u201cTomada a decis\u00e3o, o minist\u00e9rio apoiava em todos os itens pedidos por prefeitos e governadores\u201d, explicou.<\/p>\n\n\n\n<h2 class=\"wp-block-heading\">Habeas corpus<\/h2>\n\n\n\n<p>Mesmo amparado por um&nbsp;<em>habeas corpus<\/em>, concedido na semana passada pelo ministro Ricardo Lewandowski, do STF, que lhe assegura o direito de permanecer em sil\u00eancio e n\u00e3o se incriminar em casos referentes \u00e0 atua\u00e7\u00e3o dele \u00e0 frente do minist\u00e9rio, o ex-ministro afirmou que vai responder a todas as perguntas dos senadores. Pazuello \u00e9 o oitavo nome a prestar depoimento \u00e0 CPI e o \u00faltimo a ocupar o cargo de ministro da Sa\u00fade a ser ouvido pelo colegiado.<\/p>\n\n\n\n<p>Edi\u00e7\u00e3o: Bruna Saniele<\/p>\n","protected":false},"excerpt":{"rendered":"<p>Ex-ministro da Sa\u00fade foi o oitavo a prestar depoimento no Senado Por Karine Melo &#8211;<\/p>\n","protected":false},"author":2,"featured_media":14672,"comment_status":"open","ping_status":"open","sticky":false,"template":"","format":"standard","meta":{"footnotes":""},"categories":[17],"tags":[],"class_list":["post-14671","post","type-post","status-publish","format-standard","has-post-thumbnail","hentry","category-outras-noticias"],"_links":{"self":[{"href":"https:\/\/tvc16.com\/portal\/wp-json\/wp\/v2\/posts\/14671","targetHints":{"allow":["GET"]}}],"collection":[{"href":"https:\/\/tvc16.com\/portal\/wp-json\/wp\/v2\/posts"}],"about":[{"href":"https:\/\/tvc16.com\/portal\/wp-json\/wp\/v2\/types\/post"}],"author":[{"embeddable":true,"href":"https:\/\/tvc16.com\/portal\/wp-json\/wp\/v2\/users\/2"}],"replies":[{"embeddable":true,"href":"https:\/\/tvc16.com\/portal\/wp-json\/wp\/v2\/comments?post=14671"}],"version-history":[{"count":1,"href":"https:\/\/tvc16.com\/portal\/wp-json\/wp\/v2\/posts\/14671\/revisions"}],"predecessor-version":[{"id":14673,"href":"https:\/\/tvc16.com\/portal\/wp-json\/wp\/v2\/posts\/14671\/revisions\/14673"}],"wp:featuredmedia":[{"embeddable":true,"href":"https:\/\/tvc16.com\/portal\/wp-json\/wp\/v2\/media\/14672"}],"wp:attachment":[{"href":"https:\/\/tvc16.com\/portal\/wp-json\/wp\/v2\/media?parent=14671"}],"wp:term":[{"taxonomy":"category","embeddable":true,"href":"https:\/\/tvc16.com\/portal\/wp-json\/wp\/v2\/categories?post=14671"},{"taxonomy":"post_tag","embeddable":true,"href":"https:\/\/tvc16.com\/portal\/wp-json\/wp\/v2\/tags?post=14671"}],"curies":[{"name":"wp","href":"https:\/\/api.w.org\/{rel}","templated":true}]}}