{"id":14674,"date":"2021-05-19T15:32:00","date_gmt":"2021-05-19T18:32:00","guid":{"rendered":"https:\/\/tvc16.com\/portal\/?p=14674"},"modified":"2021-05-19T15:32:02","modified_gmt":"2021-05-19T18:32:02","slug":"salles-se-diz-surpreso-e-classifica-operacao-da-pf-de-desnecessaria","status":"publish","type":"post","link":"https:\/\/tvc16.com\/portal\/2021\/05\/19\/salles-se-diz-surpreso-e-classifica-operacao-da-pf-de-desnecessaria\/","title":{"rendered":"Salles se diz surpreso e classifica opera\u00e7\u00e3o da PF de desnecess\u00e1ria"},"content":{"rendered":"\n<h3 class=\"wp-block-heading\">Segundo ele, minist\u00e9rio e Ibama sempre agiram em conson\u00e2ncia com a lei<\/h3>\n\n\n\n<h4 class=\"wp-block-heading\">Por Alex Rodrigues &#8211; Rep\u00f3rter da Ag\u00eancia Brasil &#8211; Bras\u00edlia<\/h4>\n\n\n\n<p>O ministro do Meio Ambiente, Ricardo Salles, disse ter ficado surpreso com a&nbsp;<a href=\"https:\/\/agenciabrasil.ebc.com.br\/geral\/noticia\/2021-05\/ministro-do-meio-ambiente-e-mais-17-sao-investigados-em-operacao-da-pf\" target=\"_blank\" rel=\"noreferrer noopener\">opera\u00e7\u00e3o<\/a>&nbsp;que a Pol\u00edcia Federal (PF) deflagrou&nbsp;hoje&nbsp;(19)&nbsp;para apurar a suspeita de participa\u00e7\u00e3o de servidores do minist\u00e9rio e do Instituto Brasileiro do Meio Ambiente e dos Recursos Naturais Renov\u00e1veis (Ibama) em supostos crimes contra a administra\u00e7\u00e3o p\u00fablica.<img decoding=\"async\" src=\"https:\/\/agenciabrasil.ebc.com.br\/ebc.png?id=1410158&amp;o=node\"><img decoding=\"async\" src=\"https:\/\/agenciabrasil.ebc.com.br\/ebc.gif?id=1410158&amp;o=node\"><\/p>\n\n\n\n<p>A jornalistas, Salles classificou a opera\u00e7\u00e3o autorizada pelo ministro do Supremo Tribunal Federal (STF), Alexandre de Moraes, de \u201cexagerada e desnecess\u00e1ria\u201d. \u201cAt\u00e9 porque, todos os que foram inclu\u00eddos nesta opera\u00e7\u00e3o sempre estiveram \u00e0 disposi\u00e7\u00e3o para esclarecer quaisquer quest\u00f5es\u201d, afirmou o ministro. Al\u00e9m de Salles, a opera\u00e7\u00e3o teve como alvo o&nbsp;presidente do Ibama, Eduardo Bim, e mais 16 investigados.<\/p>\n\n\n\n<p>Na decis\u00e3o em que autorizou o cumprimento de 35 mandados de busca e apreens\u00e3o incluindo em endere\u00e7os funcionais e pessoais de Salles, al\u00e9m do afastamento do cargo do presidente do Ibama, Eduardo Bim, e de outros oito servidores p\u00fablicos,&nbsp;Moraes afirma que o pedido de dilig\u00eancias foi feito pela pr\u00f3pria PF.&nbsp;Segundo Moraes, na peti\u00e7\u00e3o,&nbsp;a PF&nbsp;informou&nbsp;ter&nbsp;provas que \u201csinalizam, em tese, para a exist\u00eancia de grave esquema de facilita\u00e7\u00e3o ao contrabando de produtos florestais\u201d,&nbsp;incluindo documentos fornecidos pela Embaixada dos Estados Unidos no Brasil.<\/p>\n\n\n\n<p>\u201cAt\u00e9 onde eu sei, uma carga foi exportada para os Estados Unidos, que pediu documentos que n\u00e3o constavam. Analisando o caso, a presid\u00eancia do Ibama entendeu que a regra invocada [pelas autoridades norte-americanas] j\u00e1 naquela altura deveria&nbsp;ter&nbsp;sido alterada. Por isso, aparentemente, agiu de forma t\u00e9cnica&#8221;, disse Salles.<\/p>\n\n\n\n<p>O epis\u00f3dio envolvendo a embaixada norte-americana \u00e9 citado na decis\u00e3o que o ministro Alexandre Moraes tornou p\u00fablica esta manh\u00e3. Segundo o&nbsp;<a href=\"http:\/\/www.stf.jus.br\/arquivo\/cms\/noticiaNoticiaStf\/anexo\/pet8975decisao.pdf\" target=\"_blank\" rel=\"noreferrer noopener\">texto<\/a>, em&nbsp;10 de janeiro&nbsp;de 2020, o&nbsp;Servi\u00e7o de Pesca e Vida Selvagem dos Estados Unidos (FWS) deteve, no estado da Ge\u00f3rgia, a tr\u00eas cont\u00eaineres contendo madeira exportada do Brasil, por uma empresa com sede em Ananindeua (PA).<\/p>\n\n\n\n<p>Segundo notifica\u00e7\u00e3o enviada pela&nbsp;embaixada \u00e0s autoridades brasileiras, o material n\u00e3o tinha a documenta\u00e7\u00e3o necess\u00e1ria para comprovar sua proced\u00eancia legal.&nbsp;A partir da\u00ed, segundo os fatos narrados na decis\u00e3o de Moraes, o Ibama enviou &#8220;uma s\u00e9rie de respostas conflitantes&#8221;, ora informando que a madeira exportada n\u00e3o tinha sido analisada pelo setor competente, ora alegando que o envio da carga cumprira toda a exig\u00eancia legal.<\/p>\n\n\n\n<p>O ministro disse que n\u00e3o teve acesso a todas as informa\u00e7\u00f5es do inqu\u00e9rito e destacou que o minist\u00e9rio e o Ibama sempre agiram em conson\u00e2ncia com a lei. \u201cIsto ficar\u00e1 demonstrado nos autos do inqu\u00e9rito, conforme ele for instru\u00eddo\u201d, disse Salles, confirmando que policiais federais apreenderam documentos em seu gabinete, no minist\u00e9rio.<\/p>\n\n\n\n<p>Salles disse que&nbsp;conversou&nbsp;com o presidente Jair Bolsonaro sobre as investiga\u00e7\u00f5es. \u201cExpliquei que, na minha opini\u00e3o, n\u00e3o h\u00e1 subst\u00e2ncia em nenhuma das a\u00e7\u00f5es.&nbsp;E&nbsp;que, ao que me parece, este assunto pode ser esclarecido com muita rapidez\u201d,&nbsp;disse&nbsp;o ministro. \u201cEntendemos que o inqu\u00e9rito foi instru\u00eddo de uma forma que acabou induzindo o ministro ao erro\u201d,&nbsp;acrescentou.<\/p>\n\n\n\n<p>A&nbsp;<strong>Ag\u00eancia Brasil<\/strong>&nbsp;entrou em contato com o Ibama, mas&nbsp;ainda n\u00e3o teve resposta. A reportagem tamb\u00e9m procurou a Advocacia-Geral da Uni\u00e3o (AGU), que ainda n\u00e3o se manifestou. Procurada, a assessoria da Procuradoria-Geral da Rep\u00fablica (PGR) informou que o \u00f3rg\u00e3o n\u00e3o foi consultado sobre o pedido de dilig\u00eancias que a PF fez ao STF, &#8220;o que, em princ\u00edpio, pode violar o sistema constitucional acusat\u00f3rio&#8221;.<\/p>\n\n\n\n<p>Edi\u00e7\u00e3o: Juliana Andrade<\/p>\n","protected":false},"excerpt":{"rendered":"<p>Segundo ele, minist\u00e9rio e Ibama sempre agiram em conson\u00e2ncia com a lei Por Alex Rodrigues<\/p>\n","protected":false},"author":2,"featured_media":14675,"comment_status":"open","ping_status":"open","sticky":false,"template":"","format":"standard","meta":{"footnotes":""},"categories":[17],"tags":[],"class_list":["post-14674","post","type-post","status-publish","format-standard","has-post-thumbnail","hentry","category-outras-noticias"],"_links":{"self":[{"href":"https:\/\/tvc16.com\/portal\/wp-json\/wp\/v2\/posts\/14674","targetHints":{"allow":["GET"]}}],"collection":[{"href":"https:\/\/tvc16.com\/portal\/wp-json\/wp\/v2\/posts"}],"about":[{"href":"https:\/\/tvc16.com\/portal\/wp-json\/wp\/v2\/types\/post"}],"author":[{"embeddable":true,"href":"https:\/\/tvc16.com\/portal\/wp-json\/wp\/v2\/users\/2"}],"replies":[{"embeddable":true,"href":"https:\/\/tvc16.com\/portal\/wp-json\/wp\/v2\/comments?post=14674"}],"version-history":[{"count":1,"href":"https:\/\/tvc16.com\/portal\/wp-json\/wp\/v2\/posts\/14674\/revisions"}],"predecessor-version":[{"id":14676,"href":"https:\/\/tvc16.com\/portal\/wp-json\/wp\/v2\/posts\/14674\/revisions\/14676"}],"wp:featuredmedia":[{"embeddable":true,"href":"https:\/\/tvc16.com\/portal\/wp-json\/wp\/v2\/media\/14675"}],"wp:attachment":[{"href":"https:\/\/tvc16.com\/portal\/wp-json\/wp\/v2\/media?parent=14674"}],"wp:term":[{"taxonomy":"category","embeddable":true,"href":"https:\/\/tvc16.com\/portal\/wp-json\/wp\/v2\/categories?post=14674"},{"taxonomy":"post_tag","embeddable":true,"href":"https:\/\/tvc16.com\/portal\/wp-json\/wp\/v2\/tags?post=14674"}],"curies":[{"name":"wp","href":"https:\/\/api.w.org\/{rel}","templated":true}]}}