{"id":14677,"date":"2021-05-19T15:33:19","date_gmt":"2021-05-19T18:33:19","guid":{"rendered":"https:\/\/tvc16.com\/portal\/?p=14677"},"modified":"2021-05-19T15:33:22","modified_gmt":"2021-05-19T18:33:22","slug":"com-alta-de-internacoes-sp-mantem-fase-de-transicao-ate-o-dia-31","status":"publish","type":"post","link":"https:\/\/tvc16.com\/portal\/2021\/05\/19\/com-alta-de-internacoes-sp-mantem-fase-de-transicao-ate-o-dia-31\/","title":{"rendered":"Com alta de interna\u00e7\u00f5es, SP mant\u00e9m fase de transi\u00e7\u00e3o at\u00e9 o dia 31"},"content":{"rendered":"\n<h3 class=\"wp-block-heading\">Governo tamb\u00e9m manteve o toque de recolher entre as 21h e 5h<\/h3>\n\n\n\n<h4 class=\"wp-block-heading\">Por Elaine Patricia Cruz \u2013 Rep\u00f3rter da Ag\u00eancia Brasil &#8211; S\u00e3o Paulo<\/h4>\n\n\n\n<p>Ao registrar novo aumento da ocupa\u00e7\u00e3o de leitos de unidades de terapia intensiva (UTI) para a covid-19, o governo paulista decidiu prorrogar a fase de transi\u00e7\u00e3o at\u00e9 o dia 31 de maio, mas ampliando a capacidade de atendimento das atividades comerciais e de servi\u00e7os de 30% para 40%, com manuten\u00e7\u00e3o de funcionamento entre as 6h e 21h.<img decoding=\"async\" src=\"https:\/\/agenciabrasil.ebc.com.br\/ebc.png?id=1410160&amp;o=node\"><img decoding=\"async\" src=\"https:\/\/agenciabrasil.ebc.com.br\/ebc.gif?id=1410160&amp;o=node\"><\/p>\n\n\n\n<p>A fase de transi\u00e7\u00e3o teve in\u00edcio no dia 18 de abril e foi dividida em duas etapas. Na primeira, que durou at\u00e9 o dia 23 de abril, as atividades comerciais passaram a ser permitidas, al\u00e9m da realiza\u00e7\u00e3o de cultos e cerim\u00f4nias religiosas. J\u00e1 na semana seguinte, al\u00e9m das atividades comerciais, tamb\u00e9m foram liberadas as atividades do setor de servi\u00e7os. Com isso, restaurantes e similares, sal\u00f5es de beleza e barbearias, parques, atividades culturais e academias puderam reabrir desde ent\u00e3o, com exce\u00e7\u00e3o dos bares.<\/p>\n\n\n\n<p>Al\u00e9m de prorrogar a fase de transi\u00e7\u00e3o, o governo tamb\u00e9m manteve o toque de recolher entre as 21h e 5h.<\/p>\n\n\n\n<p>Segundo o governador Jo\u00e3o Doria, a partir do dia 1o de junho, o estado entrar\u00e1 em uma nova fase, que vai ampliar o hor\u00e1rio de funcionamento do com\u00e9rcio e dos servi\u00e7os at\u00e9 as 22h e ampliar a capacidade para at\u00e9 60%. Tamb\u00e9m ser\u00e1 ampliada a capacidade de testagem, principalmente com testes r\u00e1pidos.<\/p>\n\n\n\n<h2 class=\"wp-block-heading\">Alta de interna\u00e7\u00f5es<\/h2>\n\n\n\n<p>H\u00e1 uma semana, no dia 12 de maio, a ocupa\u00e7\u00e3o de leitos de UTI no estado estava em 78,2% e, na Grande S\u00e3o Paulo, em 76,4%. Hoje (19), essas taxas j\u00e1 somam 79% no estado e 76,9% na Grande S\u00e3o Paulo. At\u00e9 o momento, 10.129 est\u00e3o internadas em estado grave em todo o estado.<\/p>\n\n\n\n<p>Apesar de o governo paulista falar em estabilidade dos n\u00fameros, mas com o in\u00edcio da fase de transi\u00e7\u00e3o e libera\u00e7\u00e3o de funcionamento dos servi\u00e7os e do com\u00e9rcio, o estado voltou a registrar um aumento dos casos. Nesta 19a Semana Epidemiol\u00f3gica, que come\u00e7ou no domingo (16) e termina no pr\u00f3ximo s\u00e1bado (22), o estado j\u00e1 registra m\u00e9dia de 2.303 interna\u00e7\u00f5es por dia, acima da semana anterior, quando a m\u00e9dia de interna\u00e7\u00f5es estava em 2.244 por dia.<\/p>\n\n\n\n<p>O pico de interna\u00e7\u00f5es foi registrado na 12a Semana Epidemiol\u00f3gica, entre os dias 21 e 27 de mar\u00e7o, quando a m\u00e9dia no estado foi de 3.381 interna\u00e7\u00f5es por dia. Esse n\u00famero come\u00e7ou a cair desde ent\u00e3o e, no seu melhor momento, chegou a somar 2.238 interna\u00e7\u00f5es por dia na \u00faltima semana de abril [correspondente \u00e0 17a Semana Epidemiol\u00f3gica], mas ainda em um patamar muito elevado, acima do pico na primeira onda da pandemia, quando foi registrada uma m\u00e9dia de 1.962 interna\u00e7\u00f5es por dia, em julho.<\/p>\n\n\n\n<p>Segundo o Centro de Conting\u00eancia do Coronav\u00edrus de S\u00e3o Paulo, esses n\u00fameros continuar\u00e3o elevados por pelo menos mais quatro semanas. \u201cMas isso vai depender do ritmo de vacina\u00e7\u00e3o\u201d, disse Jo\u00e3o Gabbardo, coordenador executivo do Centro de Conting\u00eancia.<\/p>\n\n\n\n<p>\u201cAt\u00e9 metade do m\u00eas que vem vamos conviver com n\u00fameros elevados, mas n\u00e3o ser\u00e3o os n\u00fameros que tivemos na fase mais aguda da pandemia. Depois de tr\u00eas ou quatro semanas, passaremos a ter uma redu\u00e7\u00e3o pelo efeito da vacina\u201d, disse Jo\u00e3o Gabbardo. \u201cMas quando falo nesse comportamento, falo em duas vari\u00e1veis para analisar: o comportamento das pessoas e a velocidade de vacina\u00e7\u00e3o. Quanto maior for a velocidade de vacina\u00e7\u00e3o, menor ser\u00e1 esse tempo que vamos passar para come\u00e7ar a ter essa redu\u00e7\u00e3o. Quanto maior for o comportamento das pessoas para o uso de m\u00e1scara, a higieniza\u00e7\u00e3o das m\u00e3os e o distanciamento social, menor ser\u00e1 esse tempo para o decr\u00e9scimo desses n\u00fameros. O comportamento das pessoas \u00e9 que vai determinar a velocidade de redu\u00e7\u00e3o\u201d, ressaltou.<\/p>\n\n\n\n<p>Gobbardo lembra, no entanto, que as medidas tamb\u00e9m precisam ser seguidas por quem j\u00e1 se vacinou. \u201cVacinados n\u00e3o podem achar que podem voltar \u00e0 vida normal. Precisa ter distanciamento e manter o uso de m\u00e1scara\u201d, destacou.<\/p>\n\n\n\n<p>Edi\u00e7\u00e3o: Fernando Fraga<\/p>\n","protected":false},"excerpt":{"rendered":"<p>Governo tamb\u00e9m manteve o toque de recolher entre as 21h e 5h Por Elaine Patricia<\/p>\n","protected":false},"author":2,"featured_media":14678,"comment_status":"open","ping_status":"open","sticky":false,"template":"","format":"standard","meta":{"footnotes":""},"categories":[17],"tags":[],"class_list":["post-14677","post","type-post","status-publish","format-standard","has-post-thumbnail","hentry","category-outras-noticias"],"_links":{"self":[{"href":"https:\/\/tvc16.com\/portal\/wp-json\/wp\/v2\/posts\/14677","targetHints":{"allow":["GET"]}}],"collection":[{"href":"https:\/\/tvc16.com\/portal\/wp-json\/wp\/v2\/posts"}],"about":[{"href":"https:\/\/tvc16.com\/portal\/wp-json\/wp\/v2\/types\/post"}],"author":[{"embeddable":true,"href":"https:\/\/tvc16.com\/portal\/wp-json\/wp\/v2\/users\/2"}],"replies":[{"embeddable":true,"href":"https:\/\/tvc16.com\/portal\/wp-json\/wp\/v2\/comments?post=14677"}],"version-history":[{"count":1,"href":"https:\/\/tvc16.com\/portal\/wp-json\/wp\/v2\/posts\/14677\/revisions"}],"predecessor-version":[{"id":14679,"href":"https:\/\/tvc16.com\/portal\/wp-json\/wp\/v2\/posts\/14677\/revisions\/14679"}],"wp:featuredmedia":[{"embeddable":true,"href":"https:\/\/tvc16.com\/portal\/wp-json\/wp\/v2\/media\/14678"}],"wp:attachment":[{"href":"https:\/\/tvc16.com\/portal\/wp-json\/wp\/v2\/media?parent=14677"}],"wp:term":[{"taxonomy":"category","embeddable":true,"href":"https:\/\/tvc16.com\/portal\/wp-json\/wp\/v2\/categories?post=14677"},{"taxonomy":"post_tag","embeddable":true,"href":"https:\/\/tvc16.com\/portal\/wp-json\/wp\/v2\/tags?post=14677"}],"curies":[{"name":"wp","href":"https:\/\/api.w.org\/{rel}","templated":true}]}}