{"id":14680,"date":"2021-05-19T15:36:25","date_gmt":"2021-05-19T18:36:25","guid":{"rendered":"https:\/\/tvc16.com\/portal\/?p=14680"},"modified":"2021-05-19T15:36:27","modified_gmt":"2021-05-19T18:36:27","slug":"covid-19-empresa-chinesa-entra-com-pedido-de-autorizacao-para-vacina","status":"publish","type":"post","link":"https:\/\/tvc16.com\/portal\/2021\/05\/19\/covid-19-empresa-chinesa-entra-com-pedido-de-autorizacao-para-vacina\/","title":{"rendered":"Covid-19: empresa chinesa entra com pedido de autoriza\u00e7\u00e3o para vacina"},"content":{"rendered":"\n<h3 class=\"wp-block-heading\">Anvisa tem sete dias para se manifestar<\/h3>\n\n\n\n<h4 class=\"wp-block-heading\">Por Jonas Valente \u2013 Rep\u00f3rter Ag\u00eancia Brasil &#8211; Bras\u00edlia<\/h4>\n\n\n\n<p>O laborat\u00f3rio chin\u00eas Cansino entrou na Ag\u00eancia Nacional de Vigil\u00e2ncia Sanit\u00e1ria (Anvisa) com pedido de autoriza\u00e7\u00e3o em car\u00e1ter emergencial para uma nova vacina contra a covid-19, cuja aplica\u00e7\u00e3o exige apenas uma dose. O imunizante, com mesmo nome da farmac\u00eautica, j\u00e1 est\u00e1 sendo aplicado na China.<img decoding=\"async\" src=\"https:\/\/agenciabrasil.ebc.com.br\/ebc.png?id=1410161&amp;o=node\"><img decoding=\"async\" src=\"https:\/\/agenciabrasil.ebc.com.br\/ebc.gif?id=1410161&amp;o=node\"><\/p>\n\n\n\n<p>A informa\u00e7\u00e3o foi dada pelo embaixador da China no Brasil, Yang Wanming, e confirmada pela Anvisa. Segundo Wanming, o pa\u00eds est\u00e1 \u201ccomprometido em continuar e ampliar a parceria de vacinas com o Brasil\u201d.<\/p>\n\n\n\n<p>Em nota, a ag\u00eancia confirmou que recebeu a solicita\u00e7\u00e3o ontem (18) para a autoriza\u00e7\u00e3o emergencial em car\u00e1ter experimental. O requerimento foi endere\u00e7ado pela empresa Belcher Farmac\u00eautica, representando a CanSino Biologics.<\/p>\n\n\n\n<p>A vacina foi produzida em parceria com a Academia de Ci\u00eancias M\u00e9dicas Militares da China e utiliza adenov\u00edrus humano n\u00e3o replicante. A Anvisa deve se manifestar em at\u00e9 sete dias \u00fateis. Integrantes da ag\u00eancia j\u00e1 se reuniram duas vezes com representantes das empresas.&nbsp;<\/p>\n\n\n\n<p>Edi\u00e7\u00e3o: Kleber Sampaio<\/p>\n","protected":false},"excerpt":{"rendered":"<p>Anvisa tem sete dias para se manifestar Por Jonas Valente \u2013 Rep\u00f3rter Ag\u00eancia Brasil &#8211;<\/p>\n","protected":false},"author":2,"featured_media":14681,"comment_status":"open","ping_status":"open","sticky":false,"template":"","format":"standard","meta":{"footnotes":""},"categories":[17],"tags":[],"class_list":["post-14680","post","type-post","status-publish","format-standard","has-post-thumbnail","hentry","category-outras-noticias"],"_links":{"self":[{"href":"https:\/\/tvc16.com\/portal\/wp-json\/wp\/v2\/posts\/14680","targetHints":{"allow":["GET"]}}],"collection":[{"href":"https:\/\/tvc16.com\/portal\/wp-json\/wp\/v2\/posts"}],"about":[{"href":"https:\/\/tvc16.com\/portal\/wp-json\/wp\/v2\/types\/post"}],"author":[{"embeddable":true,"href":"https:\/\/tvc16.com\/portal\/wp-json\/wp\/v2\/users\/2"}],"replies":[{"embeddable":true,"href":"https:\/\/tvc16.com\/portal\/wp-json\/wp\/v2\/comments?post=14680"}],"version-history":[{"count":1,"href":"https:\/\/tvc16.com\/portal\/wp-json\/wp\/v2\/posts\/14680\/revisions"}],"predecessor-version":[{"id":14682,"href":"https:\/\/tvc16.com\/portal\/wp-json\/wp\/v2\/posts\/14680\/revisions\/14682"}],"wp:featuredmedia":[{"embeddable":true,"href":"https:\/\/tvc16.com\/portal\/wp-json\/wp\/v2\/media\/14681"}],"wp:attachment":[{"href":"https:\/\/tvc16.com\/portal\/wp-json\/wp\/v2\/media?parent=14680"}],"wp:term":[{"taxonomy":"category","embeddable":true,"href":"https:\/\/tvc16.com\/portal\/wp-json\/wp\/v2\/categories?post=14680"},{"taxonomy":"post_tag","embeddable":true,"href":"https:\/\/tvc16.com\/portal\/wp-json\/wp\/v2\/tags?post=14680"}],"curies":[{"name":"wp","href":"https:\/\/api.w.org\/{rel}","templated":true}]}}