{"id":14687,"date":"2021-05-19T16:35:34","date_gmt":"2021-05-19T19:35:34","guid":{"rendered":"https:\/\/tvc16.com\/portal\/?p=14687"},"modified":"2021-05-19T16:35:48","modified_gmt":"2021-05-19T19:35:48","slug":"equipes-das-barreiras-sanitarias-notificaram-74-pessoas-com-suspeita-de-covid-19","status":"publish","type":"post","link":"https:\/\/tvc16.com\/portal\/2021\/05\/19\/equipes-das-barreiras-sanitarias-notificaram-74-pessoas-com-suspeita-de-covid-19\/","title":{"rendered":"Equipes das barreiras sanit\u00e1rias notificaram 74 pessoas com suspeita de Covid-19"},"content":{"rendered":"\n<p>As barreiras sanit\u00e1rias notificaram, do in\u00edcio de abril at\u00e9 hoje (19\/05), 74 pessoas com suspeita de Covid-19. Dessas, 44 eram de fora do munic\u00edpio e outras 30 de Petr\u00f3polis. O controle de acesso impediu ainda que 6.774 ve\u00edculos entrassem na cidade neste mesmo per\u00edodo. Quase 11 mil vouchers de acesso aos polos de modas foram apresentados nas entradas de Petr\u00f3polis.<\/p>\n\n\n\n<p>O balan\u00e7o das barreiras sanit\u00e1rias foi apresentado na noite de ontem (18), em uma reuni\u00e3o entre as secretarias atuantes neste trabalho. O encontro serviu para alinhar as equipes para as a\u00e7\u00f5es das pr\u00f3ximas semanas, tamb\u00e9m pensando no feriado de 3 de junho (Corpus Christi).<\/p>\n\n\n\n<p>\u201cEstamos atuando com um prop\u00f3sito bem maior, que \u00e9 salvar vidas e fazer o nosso melhor\u201d, disse Rubens dos Santos, enfermeiro, que atua na barreira sanit\u00e1ria do Bingen. \u201cPude observar durante meus nove meses de barreira a import\u00e2ncia dessa atua\u00e7\u00e3o. Agimos na triagem de moradores e visitantes da cidade, com o objetivo de identificar sinais e sintomas relacionados ao Covid\u201d, ressalta.<\/p>\n\n\n\n<p>O trabalho realizado nas barreiras sanit\u00e1rias \u00e9 uma for\u00e7a tarefa do governo municipal e conta com equipes da CPTrans, Vigil\u00e2ncia Sanit\u00e1ria, Guarda Civil, Defesa Civil e da coordenadoria especial de Rela\u00e7\u00f5es Institucionais, atrav\u00e9s dos agentes regionais.<\/p>\n\n\n\n<p>Neste momento, 151 pessoas est\u00e3o internadas em UTIs privadas e pelo SUS. Outras 137 est\u00e3o em leitos cl\u00ednicos, considerando leitos privados e SUS, totalizando assim, 288 interna\u00e7\u00f5es em toda a rede da cidade. A ocupa\u00e7\u00e3o de leitos cl\u00ednicos pelo SUS \u00e9 de 42,06% e 70,94% em UTI.<\/p>\n\n\n\n<p>Foto: arquivo Setranspetro<\/p>\n","protected":false},"excerpt":{"rendered":"<p>As barreiras sanit\u00e1rias notificaram, do in\u00edcio de abril at\u00e9 hoje (19\/05), 74 pessoas com suspeita<\/p>\n","protected":false},"author":2,"featured_media":14688,"comment_status":"open","ping_status":"open","sticky":false,"template":"","format":"standard","meta":{"footnotes":""},"categories":[12],"tags":[],"class_list":["post-14687","post","type-post","status-publish","format-standard","has-post-thumbnail","hentry","category-cidade"],"_links":{"self":[{"href":"https:\/\/tvc16.com\/portal\/wp-json\/wp\/v2\/posts\/14687","targetHints":{"allow":["GET"]}}],"collection":[{"href":"https:\/\/tvc16.com\/portal\/wp-json\/wp\/v2\/posts"}],"about":[{"href":"https:\/\/tvc16.com\/portal\/wp-json\/wp\/v2\/types\/post"}],"author":[{"embeddable":true,"href":"https:\/\/tvc16.com\/portal\/wp-json\/wp\/v2\/users\/2"}],"replies":[{"embeddable":true,"href":"https:\/\/tvc16.com\/portal\/wp-json\/wp\/v2\/comments?post=14687"}],"version-history":[{"count":2,"href":"https:\/\/tvc16.com\/portal\/wp-json\/wp\/v2\/posts\/14687\/revisions"}],"predecessor-version":[{"id":14690,"href":"https:\/\/tvc16.com\/portal\/wp-json\/wp\/v2\/posts\/14687\/revisions\/14690"}],"wp:featuredmedia":[{"embeddable":true,"href":"https:\/\/tvc16.com\/portal\/wp-json\/wp\/v2\/media\/14688"}],"wp:attachment":[{"href":"https:\/\/tvc16.com\/portal\/wp-json\/wp\/v2\/media?parent=14687"}],"wp:term":[{"taxonomy":"category","embeddable":true,"href":"https:\/\/tvc16.com\/portal\/wp-json\/wp\/v2\/categories?post=14687"},{"taxonomy":"post_tag","embeddable":true,"href":"https:\/\/tvc16.com\/portal\/wp-json\/wp\/v2\/tags?post=14687"}],"curies":[{"name":"wp","href":"https:\/\/api.w.org\/{rel}","templated":true}]}}