{"id":14695,"date":"2021-05-19T19:35:17","date_gmt":"2021-05-19T22:35:17","guid":{"rendered":"https:\/\/tvc16.com\/portal\/?p=14695"},"modified":"2021-05-19T19:35:19","modified_gmt":"2021-05-19T22:35:19","slug":"mais-nove-pessoas-morrem-de-covid-19-em-petropolis","status":"publish","type":"post","link":"https:\/\/tvc16.com\/portal\/2021\/05\/19\/mais-nove-pessoas-morrem-de-covid-19-em-petropolis\/","title":{"rendered":"Mais nove pessoas morrem de covid-19 em Petr\u00f3polis"},"content":{"rendered":"\n<p>O boletim epidemiol\u00f3gico desta quarta-feira (19\/05) mostra que Petr\u00f3polis fez, at\u00e9 agora, 157.489 testes para Covid-19, com 35.904 resultados positivos e 117.251 negativos (levando em considera\u00e7\u00e3o testes r\u00e1pidos e Swab). Mais nove \u00f3bitos foram confirmados e inseridos na base de dados do munic\u00edpio nesta quarta-feira.<\/p>\n\n\n\n<p>Neste momento, 150 pessoas est\u00e3o internadas em UTIs privadas e pelo SUS. Outras 126 est\u00e3o em leitos cl\u00ednicos, considerando leitos privados e SUS, totalizando assim, 276 interna\u00e7\u00f5es em toda a rede da cidade. A ocupa\u00e7\u00e3o de leitos cl\u00ednicos pelo SUS \u00e9 de 35,43% e 71,79% em UTI.<\/p>\n\n\n\n<p>A Secretaria de Sa\u00fade esclarece que o n\u00famero de \u00f3bitos, hoje em 1.095 \u00e9 atualizado nos boletins apenas ap\u00f3s o registro do atestado de \u00f3bito e do resultado do exame do paciente no sistema da Vigil\u00e2ncia Epidemiol\u00f3gica, o que \u00e9 feito por equipe administrativa. Trata-se de medida de seguran\u00e7a para evitar erro na informa\u00e7\u00e3o divulgada pela Secretaria de Sa\u00fade.<\/p>\n\n\n\n<p>A Secretaria acrescenta, ainda, que trabalha na atualiza\u00e7\u00e3o de dados de notifica\u00e7\u00f5es e casos em an\u00e1lise no sistema, inserindo ainda dados pendentes de meses anteriores. \u00c9 poss\u00edvel acompanhar a evolu\u00e7\u00e3o dos casos no portal da transpar\u00eancia do coronav\u00edrus, no site da Prefeitura (www.petropolis.rj.gov.br).<\/p>\n\n\n\n<p>\u00d3bitos registrados:<\/p>\n\n\n\n<ol class=\"wp-block-list\"><li>Homem, 71 anos, morador na Estrada da Saudade. Internado em 20.10.2020 no HNSA. \u00d3bito registrado em 21.10.2020 no HNSA. Paciente com AVE Isqu\u00eamico.<\/li><li>Homem, 71 anos, morador no Independ\u00eancia. Internado em 30.03.2021 na UPA Cascatinha e transferido para o SMH. \u00d3bito registrado em 11.04.2021 no SMH. Paciente com hipertens\u00e3o arterial.<\/li><li>Mulher, 74 anos, moradora em Corr\u00eaas. Internada em 16.04.2021 na UPA Itaipava. \u00d3bito registrado em 18.04.2021 na UPA Itaipava. Paciente com diabetes, asma e doen\u00e7a cardiovascular cr\u00f4nica.<\/li><li>Homem, 75 anos, morador em Corr\u00eaas. Internado em 17.04.2021 na UPA Cascatinha. \u00d3bito registrado em 19.04.2021 na UPA Cascatinha. Paciente com hipertens\u00e3o arterial.<\/li><li>Homem, 63 anos, morador no Carangola. Internado em 02.05.2021 na UPA Cascatinha. \u00d3bito registrado em 02.05.2021 na UPA Cascatinha. Paciente sem comorbidades.<\/li><li>Homem, 60 anos, morador no Alto da Serra. Internado em 03.05.2021 na UPA Centro. \u00d3bito registrado em 03.05.2021 na UPA Centro. Paciente com obesidade e hipertens\u00e3o arterial.<\/li><li>Mulher, 42 anos, moradora no Quitandinha. Internada em 07.05.2021 na UPA Cascatinha. \u00d3bito registrado em 09.05.2021 na UPA Cascatinha. Paciente sem comorbidades.<\/li><li>Homem, 66 anos, morador no Bingen. Internado em 29.04.2021 na UPA Cascatinha e transferido para o SMH. \u00d3bito registrado em 13.05.2021 no SMH. Paciente com diabetes e hipertens\u00e3o arterial.<\/li><li>Homem, 74 anos, morador no Independ\u00eancia. Internado em 09.05.2021 na UPA Centro e transferido para o SMH. \u00d3bito registrado em 15.05.2021 no SMH. Paciente com hipertens\u00e3o arterial, diabetes e cardiopatia.<\/li><\/ol>\n","protected":false},"excerpt":{"rendered":"<p>O boletim epidemiol\u00f3gico desta quarta-feira (19\/05) mostra que Petr\u00f3polis fez, at\u00e9 agora, 157.489 testes para<\/p>\n","protected":false},"author":2,"featured_media":14696,"comment_status":"open","ping_status":"open","sticky":false,"template":"","format":"standard","meta":{"footnotes":""},"categories":[12],"tags":[],"class_list":["post-14695","post","type-post","status-publish","format-standard","has-post-thumbnail","hentry","category-cidade"],"_links":{"self":[{"href":"https:\/\/tvc16.com\/portal\/wp-json\/wp\/v2\/posts\/14695","targetHints":{"allow":["GET"]}}],"collection":[{"href":"https:\/\/tvc16.com\/portal\/wp-json\/wp\/v2\/posts"}],"about":[{"href":"https:\/\/tvc16.com\/portal\/wp-json\/wp\/v2\/types\/post"}],"author":[{"embeddable":true,"href":"https:\/\/tvc16.com\/portal\/wp-json\/wp\/v2\/users\/2"}],"replies":[{"embeddable":true,"href":"https:\/\/tvc16.com\/portal\/wp-json\/wp\/v2\/comments?post=14695"}],"version-history":[{"count":1,"href":"https:\/\/tvc16.com\/portal\/wp-json\/wp\/v2\/posts\/14695\/revisions"}],"predecessor-version":[{"id":14697,"href":"https:\/\/tvc16.com\/portal\/wp-json\/wp\/v2\/posts\/14695\/revisions\/14697"}],"wp:featuredmedia":[{"embeddable":true,"href":"https:\/\/tvc16.com\/portal\/wp-json\/wp\/v2\/media\/14696"}],"wp:attachment":[{"href":"https:\/\/tvc16.com\/portal\/wp-json\/wp\/v2\/media?parent=14695"}],"wp:term":[{"taxonomy":"category","embeddable":true,"href":"https:\/\/tvc16.com\/portal\/wp-json\/wp\/v2\/categories?post=14695"},{"taxonomy":"post_tag","embeddable":true,"href":"https:\/\/tvc16.com\/portal\/wp-json\/wp\/v2\/tags?post=14695"}],"curies":[{"name":"wp","href":"https:\/\/api.w.org\/{rel}","templated":true}]}}