{"id":14704,"date":"2021-05-20T09:53:46","date_gmt":"2021-05-20T12:53:46","guid":{"rendered":"https:\/\/tvc16.com\/portal\/?p=14704"},"modified":"2021-05-20T09:53:47","modified_gmt":"2021-05-20T12:53:47","slug":"cartao-do-programa-merenda-certa-sera-recarregado-hoje","status":"publish","type":"post","link":"https:\/\/tvc16.com\/portal\/2021\/05\/20\/cartao-do-programa-merenda-certa-sera-recarregado-hoje\/","title":{"rendered":"Cart\u00e3o do programa Merenda Certa ser\u00e1 recarregado hoje"},"content":{"rendered":"\n<p>Cr\u00e9dito de R$ 70 continua sendo abastecido mensalmente pela Secretaria de Educa\u00e7\u00e3o<\/p>\n\n\n\n<p>O cart\u00e3o do Programa Merenda Certa ser\u00e1 recarregado nessa quinta-feira, dia 20 de maio. O cr\u00e9dito de R$ 70 \u00e9 disponibilizado para refor\u00e7o alimentar de cerca de 41 mil alunos da rede municipal de Educa\u00e7\u00e3o.<\/p>\n\n\n\n<p>\u201cA continuidade do programa garante esse aux\u00edlio t\u00e3o importante para as fam\u00edlias nesse momento de pandemia. O cuidado com a alimenta\u00e7\u00e3o tamb\u00e9m tem reflexo na sa\u00fade e as crian\u00e7as e adolescentes precisam desse suporte\u201d, afirma o prefeito interino Hingo Hammes.<\/p>\n\n\n\n<p>A secretaria de Educa\u00e7\u00e3o, M\u00e1rcia Palma, esclarece que em caso de d\u00favidas as fam\u00edlias podem procurar a Secretaria de Educa\u00e7\u00e3o.<\/p>\n\n\n\n<p>\u201cNos casos de perda do cart\u00e3o ou de senha, as fam\u00edlias devem procurar a empresa administradora do cart\u00e3o. As fam\u00edlias dos alunos novos que acabaram de ingressar na rede e que tem d\u00favidas sobre recebimento do cart\u00e3o podem entrar em contato com o Departamento de Inspe\u00e7\u00e3o Escolar, por meio do telefone 2246-8675\u201d.<\/p>\n","protected":false},"excerpt":{"rendered":"<p>Cr\u00e9dito de R$ 70 continua sendo abastecido mensalmente pela Secretaria de Educa\u00e7\u00e3o O cart\u00e3o do<\/p>\n","protected":false},"author":2,"featured_media":14705,"comment_status":"open","ping_status":"open","sticky":false,"template":"","format":"standard","meta":{"footnotes":""},"categories":[12],"tags":[],"class_list":["post-14704","post","type-post","status-publish","format-standard","has-post-thumbnail","hentry","category-cidade"],"_links":{"self":[{"href":"https:\/\/tvc16.com\/portal\/wp-json\/wp\/v2\/posts\/14704","targetHints":{"allow":["GET"]}}],"collection":[{"href":"https:\/\/tvc16.com\/portal\/wp-json\/wp\/v2\/posts"}],"about":[{"href":"https:\/\/tvc16.com\/portal\/wp-json\/wp\/v2\/types\/post"}],"author":[{"embeddable":true,"href":"https:\/\/tvc16.com\/portal\/wp-json\/wp\/v2\/users\/2"}],"replies":[{"embeddable":true,"href":"https:\/\/tvc16.com\/portal\/wp-json\/wp\/v2\/comments?post=14704"}],"version-history":[{"count":1,"href":"https:\/\/tvc16.com\/portal\/wp-json\/wp\/v2\/posts\/14704\/revisions"}],"predecessor-version":[{"id":14706,"href":"https:\/\/tvc16.com\/portal\/wp-json\/wp\/v2\/posts\/14704\/revisions\/14706"}],"wp:featuredmedia":[{"embeddable":true,"href":"https:\/\/tvc16.com\/portal\/wp-json\/wp\/v2\/media\/14705"}],"wp:attachment":[{"href":"https:\/\/tvc16.com\/portal\/wp-json\/wp\/v2\/media?parent=14704"}],"wp:term":[{"taxonomy":"category","embeddable":true,"href":"https:\/\/tvc16.com\/portal\/wp-json\/wp\/v2\/categories?post=14704"},{"taxonomy":"post_tag","embeddable":true,"href":"https:\/\/tvc16.com\/portal\/wp-json\/wp\/v2\/tags?post=14704"}],"curies":[{"name":"wp","href":"https:\/\/api.w.org\/{rel}","templated":true}]}}