{"id":14707,"date":"2021-05-20T09:55:02","date_gmt":"2021-05-20T12:55:02","guid":{"rendered":"https:\/\/tvc16.com\/portal\/?p=14707"},"modified":"2021-05-20T09:55:04","modified_gmt":"2021-05-20T12:55:04","slug":"turispetro-e-abih-rj-planejam-acoes-para-o-procap-programa-de-capacitacao-que-acontecera-na-cidade","status":"publish","type":"post","link":"https:\/\/tvc16.com\/portal\/2021\/05\/20\/turispetro-e-abih-rj-planejam-acoes-para-o-procap-programa-de-capacitacao-que-acontecera-na-cidade\/","title":{"rendered":"Turispetro e ABIH-RJ planejam a\u00e7\u00f5es para o ProCap, programa de capacita\u00e7\u00e3o que acontecer\u00e1 na cidade"},"content":{"rendered":"\n<p>Nesta ter\u00e7a-feira (18\/05), o Secret\u00e1rio de Turismo Samir El Ghaoui recebeu o conselheiro da Associa\u00e7\u00e3o Brasileira da Ind\u00fastria de Hot\u00e9is do Rio de Janeiro (ABIH-RJ) em Petr\u00f3polis, Guilherme Lacombe, para estreitar os la\u00e7os entre a Turispetro e a entidade e, principalmente, planejar a\u00e7\u00f5es da edi\u00e7\u00e3o do ProCap \u2013 programa de capacita\u00e7\u00e3o da ABIH-RJ, que acontecer\u00e1 na cidade na pr\u00f3xima semana. O evento tem o apoio institucional da Prefeitura de Petr\u00f3polis.<\/p>\n\n\n\n<p>O projeto tem como objetivo promover a capacita\u00e7\u00e3o, atualiza\u00e7\u00e3o, promo\u00e7\u00e3o e venda do destino Petr\u00f3polis junto aos operadores do receptivo, para que possam vender a regi\u00e3o e seus atrativos tur\u00edsticos junto \u00e0s ag\u00eancias de viagens. At\u00e9 o momento, grandes ag\u00eancias de receptivo nacional e internacional da capital j\u00e1 se inscreveram para participar do projeto. Ao longo do programa, os participantes assistir\u00e3o a palestras e realizar\u00e3o visitas t\u00e9cnicas aos equipamentos tur\u00edsticos da cidade.<\/p>\n\n\n\n<p>Durante a reuni\u00e3o, o secret\u00e1rio esteve acompanhado pela Diretora Administrativa da Turispetro, Mar\u00edlia Mills, e pela Diretora de Eventos, Evany Noel. A abertura do evento ser\u00e1 na pr\u00f3xima quarta-feira, dia 26 de maio, \u00e0s 16h, e contar\u00e1 com a presen\u00e7a de autoridades, como o secret\u00e1rio de Turismo do Estado, Gustavo Tutuca, entre outros.<\/p>\n","protected":false},"excerpt":{"rendered":"<p>Nesta ter\u00e7a-feira (18\/05), o Secret\u00e1rio de Turismo Samir El Ghaoui recebeu o conselheiro da Associa\u00e7\u00e3o<\/p>\n","protected":false},"author":2,"featured_media":14708,"comment_status":"open","ping_status":"open","sticky":false,"template":"","format":"standard","meta":{"footnotes":""},"categories":[12],"tags":[],"class_list":["post-14707","post","type-post","status-publish","format-standard","has-post-thumbnail","hentry","category-cidade"],"_links":{"self":[{"href":"https:\/\/tvc16.com\/portal\/wp-json\/wp\/v2\/posts\/14707","targetHints":{"allow":["GET"]}}],"collection":[{"href":"https:\/\/tvc16.com\/portal\/wp-json\/wp\/v2\/posts"}],"about":[{"href":"https:\/\/tvc16.com\/portal\/wp-json\/wp\/v2\/types\/post"}],"author":[{"embeddable":true,"href":"https:\/\/tvc16.com\/portal\/wp-json\/wp\/v2\/users\/2"}],"replies":[{"embeddable":true,"href":"https:\/\/tvc16.com\/portal\/wp-json\/wp\/v2\/comments?post=14707"}],"version-history":[{"count":1,"href":"https:\/\/tvc16.com\/portal\/wp-json\/wp\/v2\/posts\/14707\/revisions"}],"predecessor-version":[{"id":14709,"href":"https:\/\/tvc16.com\/portal\/wp-json\/wp\/v2\/posts\/14707\/revisions\/14709"}],"wp:featuredmedia":[{"embeddable":true,"href":"https:\/\/tvc16.com\/portal\/wp-json\/wp\/v2\/media\/14708"}],"wp:attachment":[{"href":"https:\/\/tvc16.com\/portal\/wp-json\/wp\/v2\/media?parent=14707"}],"wp:term":[{"taxonomy":"category","embeddable":true,"href":"https:\/\/tvc16.com\/portal\/wp-json\/wp\/v2\/categories?post=14707"},{"taxonomy":"post_tag","embeddable":true,"href":"https:\/\/tvc16.com\/portal\/wp-json\/wp\/v2\/tags?post=14707"}],"curies":[{"name":"wp","href":"https:\/\/api.w.org\/{rel}","templated":true}]}}