{"id":14710,"date":"2021-05-20T09:55:52","date_gmt":"2021-05-20T12:55:52","guid":{"rendered":"https:\/\/tvc16.com\/portal\/?p=14710"},"modified":"2021-05-20T09:55:54","modified_gmt":"2021-05-20T12:55:54","slug":"secretaria-de-assistencia-social-inicia-programa-capacita-petropolis","status":"publish","type":"post","link":"https:\/\/tvc16.com\/portal\/2021\/05\/20\/secretaria-de-assistencia-social-inicia-programa-capacita-petropolis\/","title":{"rendered":"Secretaria de Assist\u00eancia Social inicia programa Capacita Petr\u00f3polis"},"content":{"rendered":"\n<p>A Secretaria Municipal de Assist\u00eancia Social deu in\u00edcio ao programa Capacita Petr\u00f3polis que ter\u00e1 a dura\u00e7\u00e3o de oito semanas em sua primeira fase<\/p>\n\n\n\n<p>O Capacita Petr\u00f3polis contempla a\u00e7\u00f5es de capacita\u00e7\u00e3o e forma\u00e7\u00e3o que devem impactar na carreira do trabalhador do Sistema \u00danico de Assist\u00eancia Social (SUAS), al\u00e9m potencializar e dar visibilidade a novas pr\u00e1ticas profissionais. Todas as a\u00e7\u00f5es fornecem certificados, de forma que contribuem para que o profissional progrida na carreira.<\/p>\n\n\n\n<p>A capacita\u00e7\u00e3o est\u00e1 ocorrendo no espa\u00e7o da Casa da Cidadania, respeitando todos os protocolos de seguran\u00e7a determinados pelo Minist\u00e9rio da Sa\u00fade, de forma a garantir a prote\u00e7\u00e3o de todos.<\/p>\n\n\n\n<p>Atualmente, oito turmas foram organizadas para atender aos profissionais da Prote\u00e7\u00e3o Social B\u00e1sica (PSB), com a oferta de tr\u00eas temas iniciais.<\/p>\n\n\n\n<p>O primeiro tema versa sobre a atualiza\u00e7\u00e3o em Gest\u00e3o Financeira e Or\u00e7ament\u00e1ria do SUAS, o segundo trata sobre Especificidades e Interfaces da Prote\u00e7\u00e3o Social B\u00e1sica do SUAS e por \u00faltimo sobre Vigil\u00e2ncia S\u00f3cio assistencial do SUAS. Trata-se, portanto, de priorizar nas a\u00e7\u00f5es de capacita\u00e7\u00e3o e forma\u00e7\u00e3o dos trabalhadores, aqueles inseridos em a\u00e7\u00f5es espec\u00edficas na execu\u00e7\u00e3o e gest\u00e3o do SUAS.<\/p>\n\n\n\n<p>\u201cO programa tem como objetivo a implementa\u00e7\u00e3o das a\u00e7\u00f5es do Planos de Educa\u00e7\u00e3o Permanente voltado para o aprimoramento da execu\u00e7\u00e3o do Sistema \u00danico de Assist\u00eancia Social (SUAS), que garante oferta de forma\u00e7\u00e3o e capacita\u00e7\u00e3o permanente para profissionais, gestores, conselheiros e t\u00e9cnicos da rede s\u00f3cio assistencial do SUAS do munic\u00edpio e mais celeridade e qualidade no atendimento prestado \u00e0 popula\u00e7\u00e3o\u201d, ressaltou a secret\u00e1ria de Assist\u00eancia Social, Rosane Borsato.<\/p>\n","protected":false},"excerpt":{"rendered":"<p>A Secretaria Municipal de Assist\u00eancia Social deu in\u00edcio ao programa Capacita Petr\u00f3polis que ter\u00e1 a<\/p>\n","protected":false},"author":2,"featured_media":14711,"comment_status":"open","ping_status":"open","sticky":false,"template":"","format":"standard","meta":{"footnotes":""},"categories":[12],"tags":[],"class_list":["post-14710","post","type-post","status-publish","format-standard","has-post-thumbnail","hentry","category-cidade"],"_links":{"self":[{"href":"https:\/\/tvc16.com\/portal\/wp-json\/wp\/v2\/posts\/14710","targetHints":{"allow":["GET"]}}],"collection":[{"href":"https:\/\/tvc16.com\/portal\/wp-json\/wp\/v2\/posts"}],"about":[{"href":"https:\/\/tvc16.com\/portal\/wp-json\/wp\/v2\/types\/post"}],"author":[{"embeddable":true,"href":"https:\/\/tvc16.com\/portal\/wp-json\/wp\/v2\/users\/2"}],"replies":[{"embeddable":true,"href":"https:\/\/tvc16.com\/portal\/wp-json\/wp\/v2\/comments?post=14710"}],"version-history":[{"count":1,"href":"https:\/\/tvc16.com\/portal\/wp-json\/wp\/v2\/posts\/14710\/revisions"}],"predecessor-version":[{"id":14712,"href":"https:\/\/tvc16.com\/portal\/wp-json\/wp\/v2\/posts\/14710\/revisions\/14712"}],"wp:featuredmedia":[{"embeddable":true,"href":"https:\/\/tvc16.com\/portal\/wp-json\/wp\/v2\/media\/14711"}],"wp:attachment":[{"href":"https:\/\/tvc16.com\/portal\/wp-json\/wp\/v2\/media?parent=14710"}],"wp:term":[{"taxonomy":"category","embeddable":true,"href":"https:\/\/tvc16.com\/portal\/wp-json\/wp\/v2\/categories?post=14710"},{"taxonomy":"post_tag","embeddable":true,"href":"https:\/\/tvc16.com\/portal\/wp-json\/wp\/v2\/tags?post=14710"}],"curies":[{"name":"wp","href":"https:\/\/api.w.org\/{rel}","templated":true}]}}