{"id":14713,"date":"2021-05-20T09:57:10","date_gmt":"2021-05-20T12:57:10","guid":{"rendered":"https:\/\/tvc16.com\/portal\/?p=14713"},"modified":"2021-05-20T09:57:12","modified_gmt":"2021-05-20T12:57:12","slug":"covid-19-petropolis-tem-25-dos-moradores-vacinados-com-a-primeira-dose","status":"publish","type":"post","link":"https:\/\/tvc16.com\/portal\/2021\/05\/20\/covid-19-petropolis-tem-25-dos-moradores-vacinados-com-a-primeira-dose\/","title":{"rendered":"Covid-19: Petr\u00f3polis tem 25% dos moradores vacinados com a primeira dose"},"content":{"rendered":"\n<p><em>Prefeitura cobra agilidade na entrega de vacinas para continuar ampliando faixas et\u00e1rias<\/em><\/p>\n\n\n\n<p>Com quase 25% de toda popula\u00e7\u00e3o da cidade vacinada com a primeira dose contra a Covid-19 a Secretaria de Sa\u00fade aguarda a chegada de mais lotes de primeiras doses para que seja poss\u00edvel continuar ampliando as faixas et\u00e1rias para a vacina\u00e7\u00e3o. Sem receber quantidade significativa de vacinas destinadas a aplica\u00e7\u00e3o de primeiras doses desde o in\u00edcio de maio, a prefeitura est\u00e1 cobrando mais agilidade para a entrega dos imunizantes. A \u00faltima remessa de primeiras doses chegou \u00e0 cidade no dia 14 &#8211; apenas 230 doses de CoronaVac, exclusivas para aplica\u00e7\u00e3o em gestantes e pu\u00e9rperas, cuja vacina\u00e7\u00e3o havia sido suspensa com a AstraZeneca. O \u00faltimo lote com quantidades significativas para atender os p\u00fablicos determinados no Plano Nacional de Imuniza\u00e7\u00e3o foi entregue em 10 de maio \u2013 3.720 doses da vacina AstraZeneca.<\/p>\n\n\n\n<p>\u201cPetr\u00f3polis vem mantendo \u00edndices de vacina\u00e7\u00e3o acima da m\u00e9dia nacional (18,8%) e tamb\u00e9m do Estado do Rio (16,7%). Hoje 25% da nossa popula\u00e7\u00e3o j\u00e1 recebeu a primeira dose e 10,6% dos moradores receberam tamb\u00e9m a segunda dose, necess\u00e1ria para a imuniza\u00e7\u00e3o. Estamos seguindo o Plano Nacional de Vacina\u00e7\u00e3o e a chegada de mais doses \u00e9 fundamental para que possamos seguir avan\u00e7ando com a imuniza\u00e7\u00e3o dos petropolitanos\u201d, destaca o prefeito interino Hingo Hammes.<\/p>\n\n\n\n<p>At\u00e9 ter\u00e7a-feira (18\/05) Petr\u00f3polis tinha 76.082 pessoas vacinadas com a primeira dose, sendo 32.805 delas com o clico de vacina\u00e7\u00e3o completo com a segunda dose. A vacina\u00e7\u00e3o segue sendo realizada em 10 pontos distribu\u00eddos nos cinco distritos.<\/p>\n\n\n\n<p>\u201cAs equipes da Secretaria de Sa\u00fade v\u00eam desde o princ\u00edpio da vacina\u00e7\u00e3o fazendo o controle rigoroso dos estoques e todo um planejamento, com cadastro do p\u00fablico alvo, para que a vacina\u00e7\u00e3o seja feita de forma organizada e de forma respons\u00e1vel consigamos avan\u00e7ar para outras faixas et\u00e1rias. Gra\u00e7as ao controle e ao planejamento em nenhum momento precisamos suspender a vacina\u00e7\u00e3o e todas as pessoas que receberam a primeira dose est\u00e3o com a segunda dose garantida. Para continuarmos ampliando para outras faixas et\u00e1rias dependemos da chegada de novos lotes com primeiras doses\u201d, frisa o secret\u00e1rio de Sa\u00fade, Aloisio Barbosa da Silva Filho.&nbsp;&nbsp;&nbsp;<\/p>\n\n\n\n<p><strong>Atualmente est\u00e3o sendo vacinados em Petr\u00f3polis:<\/strong><\/p>\n\n\n\n<p>Pessoas com comorbidades (listadas no Plano Nacional de Imuniza\u00e7\u00e3o) maiores de 45 anos.<\/p>\n\n\n\n<p>&#8211; Trabalhadores da Sa\u00fade a partir de 35 anos<\/p>\n\n\n\n<p>&#8211; Pessoas com s\u00edndrome de down maiores de 18 anos<\/p>\n\n\n\n<p>&#8211; Pessoas com autismo maiores de 18 anos<\/p>\n\n\n\n<p>&#8211; Pacientes renais cr\u00f4nicos em di\u00e1lise maiores de 18 anos<\/p>\n\n\n\n<p>&#8211; Pessoas com defici\u00eancia permanente cadastradas no Programa de Benef\u00edcio de Presta\u00e7\u00e3o Continuada (BPC) com mais de 45 anos.<\/p>\n\n\n\n<p>&#8211; Idosos com mais de 60 anos<\/p>\n\n\n\n<p>&nbsp;&#8211; Gestantes e pu\u00e9rperas maiores de 18 anos com comorbidades, est\u00e3o sendo vacinadas com lotes de CoronaVac enviadas para aplica\u00e7\u00e3o exclusiva a este p\u00fablico.<\/p>\n","protected":false},"excerpt":{"rendered":"<p>Prefeitura cobra agilidade na entrega de vacinas para continuar ampliando faixas et\u00e1rias Com quase 25%<\/p>\n","protected":false},"author":2,"featured_media":14714,"comment_status":"open","ping_status":"open","sticky":false,"template":"","format":"standard","meta":{"footnotes":""},"categories":[12],"tags":[],"class_list":["post-14713","post","type-post","status-publish","format-standard","has-post-thumbnail","hentry","category-cidade"],"_links":{"self":[{"href":"https:\/\/tvc16.com\/portal\/wp-json\/wp\/v2\/posts\/14713","targetHints":{"allow":["GET"]}}],"collection":[{"href":"https:\/\/tvc16.com\/portal\/wp-json\/wp\/v2\/posts"}],"about":[{"href":"https:\/\/tvc16.com\/portal\/wp-json\/wp\/v2\/types\/post"}],"author":[{"embeddable":true,"href":"https:\/\/tvc16.com\/portal\/wp-json\/wp\/v2\/users\/2"}],"replies":[{"embeddable":true,"href":"https:\/\/tvc16.com\/portal\/wp-json\/wp\/v2\/comments?post=14713"}],"version-history":[{"count":1,"href":"https:\/\/tvc16.com\/portal\/wp-json\/wp\/v2\/posts\/14713\/revisions"}],"predecessor-version":[{"id":14715,"href":"https:\/\/tvc16.com\/portal\/wp-json\/wp\/v2\/posts\/14713\/revisions\/14715"}],"wp:featuredmedia":[{"embeddable":true,"href":"https:\/\/tvc16.com\/portal\/wp-json\/wp\/v2\/media\/14714"}],"wp:attachment":[{"href":"https:\/\/tvc16.com\/portal\/wp-json\/wp\/v2\/media?parent=14713"}],"wp:term":[{"taxonomy":"category","embeddable":true,"href":"https:\/\/tvc16.com\/portal\/wp-json\/wp\/v2\/categories?post=14713"},{"taxonomy":"post_tag","embeddable":true,"href":"https:\/\/tvc16.com\/portal\/wp-json\/wp\/v2\/tags?post=14713"}],"curies":[{"name":"wp","href":"https:\/\/api.w.org\/{rel}","templated":true}]}}