{"id":14719,"date":"2021-05-20T10:02:23","date_gmt":"2021-05-20T13:02:23","guid":{"rendered":"https:\/\/tvc16.com\/portal\/?p=14719"},"modified":"2021-05-20T10:02:25","modified_gmt":"2021-05-20T13:02:25","slug":"secretaria-de-saude-vai-distribuir-vacina-da-pfizer-contra-covid-e-petropolis-e-contemplada","status":"publish","type":"post","link":"https:\/\/tvc16.com\/portal\/2021\/05\/20\/secretaria-de-saude-vai-distribuir-vacina-da-pfizer-contra-covid-e-petropolis-e-contemplada\/","title":{"rendered":"Secretaria de Sa\u00fade vai distribuir vacina da Pfizer contra Covid e Petr\u00f3polis \u00e9 contemplada"},"content":{"rendered":"\n<p><em>Doses ser\u00e3o enviadas para cidades com mais de 150 mil habitantes e que est\u00e3o a at\u00e9 duas horas e meia da capital<\/em><\/p>\n\n\n\n<p>A Secretaria de Estado de Sa\u00fade (SES) recebeu, na noite desta ter\u00e7a-feira (18.05), 57.330 doses da vacina Pfizer contra Covid-19. Ap\u00f3s pactua\u00e7\u00e3o com o Conselho de Secretarias Municipais de Sa\u00fade (COSEMS), ficou definido que o lote ser\u00e1 distribu\u00eddo para munic\u00edpios do estado com popula\u00e7\u00e3o acima de 150 mil habitantes. Dessa forma, a remessa ser\u00e1 destinada a 19 cidades: Petr\u00f3polis, Angra dos Reis, Barra Mansa, Belford Roxo, Cabo Frio, Campos dos Goytacazes, Duque de Caxias, Itabora\u00ed, Maca\u00e9, Mag\u00e9, Mesquita, Nil\u00f3polis, Niter\u00f3i, Nova Friburgo, Nova Igua\u00e7u, S\u00e3o Gon\u00e7alo, S\u00e3o Jo\u00e3o de Meriti, Teres\u00f3polis e Volta Redonda.<\/p>\n\n\n\n<p>&#8211; \u00c9 importante continuarmos avan\u00e7ando no calend\u00e1rio vacinal, por\u00e9m a vacina da Pfizer requer algumas exig\u00eancias para ser distribu\u00edda. At\u00e9 a pr\u00f3xima ter\u00e7a-feira, faremos toda a log\u00edstica de entrega desses imunizantes aos 19 munic\u00edpios selecionados \u2013 afirmou o secret\u00e1rio de Sa\u00fade, Alexandre Chieppe.&nbsp;<\/p>\n\n\n\n<p>O Minist\u00e9rio da Sa\u00fade enviou of\u00edcio aos estados esclarecendo que, de acordo com as novas orienta\u00e7\u00f5es sobre o armazenamento da vacina e a necessidade de amplia\u00e7\u00e3o do calend\u00e1rio vacinal, o imunizante da Pfizer poder\u00e1 ser distribu\u00eddo para cidades que estejam a at\u00e9 duas horas e meia de dist\u00e2ncia da capital. O documento tamb\u00e9m refor\u00e7a a import\u00e2ncia de as doses serem destinadas a munic\u00edpios que tiverem recebido a capacita\u00e7\u00e3o da Coordena\u00e7\u00e3o Geral do Programa Nacional de Imuniza\u00e7\u00f5es sobre log\u00edstica e uso dessa vacina nos dias 17 e 18 de maio.<\/p>\n\n\n\n<p>De acordo com o of\u00edcio, a log\u00edstica de transporte e o armazenamento nas centrais de rede de frio deve ser na faixa de -15\u00b0C a -25\u00b0C, no per\u00edodo m\u00e1ximo de 14 dias. J\u00e1 para o armazenamento nas unidades de sa\u00fade, as vacinas devem permanecer entre 2\u00b0C e 8\u00b0C. Nesse caso, o imunizante tem durabilidade de cinco dias. Ap\u00f3s aberto, o vidro de seis doses deve ser utilizado integralmente em no m\u00e1ximo seis horas.<\/p>\n\n\n\n<p>As doses ficar\u00e3o armazenadas em c\u00e2mara fria da SES e ser\u00e3o distribu\u00eddas em pequenos lotes aos munic\u00edpios, com agendamento pr\u00e9vio das pessoas a serem vacinadas, para evitar o desperd\u00edcio de doses do imunizante.<\/p>\n\n\n\n<p>A Subsecretaria de Vigil\u00e2ncia em Sa\u00fade (SVS) est\u00e1 em discuss\u00e3o com o COSEMS para orientar sobre o uso correto da vacina da Pfizer. Al\u00e9m disso, a SVS refor\u00e7a a import\u00e2ncia de se aplicar essa vacina exclusivamente em unidades de sa\u00fade, considerando o preparo e a conserva\u00e7\u00e3o do imunizante.<\/p>\n","protected":false},"excerpt":{"rendered":"<p>Doses ser\u00e3o enviadas para cidades com mais de 150 mil habitantes e que est\u00e3o a<\/p>\n","protected":false},"author":2,"featured_media":14720,"comment_status":"open","ping_status":"open","sticky":false,"template":"","format":"standard","meta":{"footnotes":""},"categories":[12],"tags":[],"class_list":["post-14719","post","type-post","status-publish","format-standard","has-post-thumbnail","hentry","category-cidade"],"_links":{"self":[{"href":"https:\/\/tvc16.com\/portal\/wp-json\/wp\/v2\/posts\/14719","targetHints":{"allow":["GET"]}}],"collection":[{"href":"https:\/\/tvc16.com\/portal\/wp-json\/wp\/v2\/posts"}],"about":[{"href":"https:\/\/tvc16.com\/portal\/wp-json\/wp\/v2\/types\/post"}],"author":[{"embeddable":true,"href":"https:\/\/tvc16.com\/portal\/wp-json\/wp\/v2\/users\/2"}],"replies":[{"embeddable":true,"href":"https:\/\/tvc16.com\/portal\/wp-json\/wp\/v2\/comments?post=14719"}],"version-history":[{"count":1,"href":"https:\/\/tvc16.com\/portal\/wp-json\/wp\/v2\/posts\/14719\/revisions"}],"predecessor-version":[{"id":14721,"href":"https:\/\/tvc16.com\/portal\/wp-json\/wp\/v2\/posts\/14719\/revisions\/14721"}],"wp:featuredmedia":[{"embeddable":true,"href":"https:\/\/tvc16.com\/portal\/wp-json\/wp\/v2\/media\/14720"}],"wp:attachment":[{"href":"https:\/\/tvc16.com\/portal\/wp-json\/wp\/v2\/media?parent=14719"}],"wp:term":[{"taxonomy":"category","embeddable":true,"href":"https:\/\/tvc16.com\/portal\/wp-json\/wp\/v2\/categories?post=14719"},{"taxonomy":"post_tag","embeddable":true,"href":"https:\/\/tvc16.com\/portal\/wp-json\/wp\/v2\/tags?post=14719"}],"curies":[{"name":"wp","href":"https:\/\/api.w.org\/{rel}","templated":true}]}}